{"id":19952,"date":"2026-09-01T06:57:31","date_gmt":"2026-09-01T06:57:31","guid":{"rendered":"https:\/\/ppadilla.es\/padilla-fire-doors-refuerza-su-presencia-en-francia-con-su-participacion-en-batimat-2026\/"},"modified":"2026-09-01T07:09:29","modified_gmt":"2026-09-01T07:09:29","slug":"padilla-fire-doors-refuerza-su-presencia-en-francia-con-su-participacion-en-batimat-2026","status":"publish","type":"post","link":"https:\/\/ppadilla.es\/fr\/padilla-fire-doors-refuerza-su-presencia-en-francia-con-su-participacion-en-batimat-2026\/","title":{"rendered":"Padilla Fire Doors renforce sa pr\u00e9sence en France avec sa participation \u00e0 BATIMAT 2026"},"content":{"rendered":"<h3 class=\"isSelectedEnd\"><strong>L\u2019entreprise espagnole pr\u00e9sentera \u00e0 Paris ses derni\u00e8res solutions de portes coupe-feu, apr\u00e8s avoir particip\u00e9 \u00e0 des projets embl\u00e9matiques en France tels que le Ritz Paris, Disneyland Paris ou encore le centre d\u2019entra\u00eenement du Paris Saint-Germain.<\/strong><\/h3>\n<p class=\"isSelectedEnd\">\u00c0 la fin du mois de septembre, Paris redeviendra l\u2019un des grands rendez-vous internationaux du secteur de la construction. <strong>Padilla Fire Doors<\/strong> sera au rendez-vous en participant \u00e0 <strong>BATIMAT 2026<\/strong>, du 28 septembre au 1er octobre \u00e0 Paris Expo Porte de Versailles, afin de pr\u00e9senter ses derni\u00e8res solutions de portes coupe-feu et de montrer l\u2019\u00e9volution d\u2019une entreprise qui a fait de la <strong>s\u00e9curit\u00e9, de l\u2019innovation et du design<\/strong> ses principales marques de fabrique. La participation \u00e0 BATIMAT intervient par ailleurs sur un march\u00e9 que Padilla conna\u00eet bien. La pr\u00e9sence de ses portes en France s\u2019est progressivement consolid\u00e9e \u00e0 travers des projets de nature tr\u00e8s diff\u00e9rente et pr\u00e9sentant un haut niveau d\u2019exigence technique, allant des \u00e9tablissements h\u00f4teliers et espaces de loisirs aux installations sportives et infrastructures publiques.<\/p>\n<p class=\"isSelectedEnd\">Parmi ces r\u00e9f\u00e9rences figurent des noms particuli\u00e8rement embl\u00e9matiques tels que <strong>le Ritz Paris, Disneyland Paris ou le centre d\u2019entra\u00eenement du Paris Saint-Germain<\/strong>, ainsi que des projets comme <strong>la prison de Lyon<\/strong>. Des r\u00e9alisations tr\u00e8s diff\u00e9rentes les unes des autres, mais qui partagent un m\u00eame besoin : int\u00e9grer des solutions de protection incendie capables de r\u00e9pondre aux exigences techniques, fonctionnelles et esth\u00e9tiques de chaque b\u00e2timent.<\/p>\n<h4>Un espace pour d\u00e9couvrir l\u2019\u00e9volution de la porte coupe-feu<\/h4>\n<p class=\"isSelectedEnd\">\u00c0 BATIMAT, Padilla Fire Doors mettra cette exp\u00e9rience en avant sur un <strong>stand de 99 m\u00e8tres carr\u00e9s<\/strong>, con\u00e7u non seulement comme un espace d\u2019exposition, mais \u00e9galement comme un lieu de rencontre avec les architectes, distributeurs, prescripteurs et professionnels de la construction issus de diff\u00e9rents march\u00e9s. L\u2019entreprise pr\u00e9sentera diff\u00e9rentes configurations de <strong>portes coupe-feu \u00e0 un et deux vantaux<\/strong>, ainsi que plusieurs finitions et possibilit\u00e9s d\u2019int\u00e9gration, accompagn\u00e9es de nouvelles solutions technologiques appliqu\u00e9es \u00e0 la protection passive contre l\u2019incendie. L\u2019objectif est de pr\u00e9senter la porte coupe-feu sous un angle toujours plus \u00e9troitement li\u00e9 au projet architectural : un \u00e9l\u00e9ment dont la fonction premi\u00e8re reste la s\u00e9curit\u00e9, mais qui doit \u00e9galement r\u00e9pondre \u00e0 des crit\u00e8res de <strong>design, d\u2019int\u00e9gration, de durabilit\u00e9 et de fonctionnalit\u00e9<\/strong>.<\/p>\n<p class=\"isSelectedEnd\">Cette vision se retrouvera \u00e9galement dans l\u2019architecture m\u00eame du stand. L\u2019association du bois, du noir et des finitions m\u00e9talliques, compl\u00e9t\u00e9e par des r\u00e9f\u00e9rences visuelles au feu, donnera naissance \u00e0 un espace technique et contemporain articul\u00e9 autour du concept <strong>\u00ab Design &amp; Security \u00bb<\/strong>. Plus qu\u2019un slogan, ce message r\u00e9sume l\u2019un des axes sur lesquels Padilla construit son \u00e9volution : d\u00e9montrer que les exigences de protection incendie et le soin apport\u00e9 au design peuvent coexister au sein d\u2019une m\u00eame solution.<\/p>\n<h4>La France, un march\u00e9 strat\u00e9gique pour Padilla<\/h4>\n<p class=\"isSelectedEnd\">La pr\u00e9sence \u00e0 Paris rev\u00eat \u00e9galement une dimension corporate. BATIMAT permettra \u00e0 Padilla de renforcer ses relations avec ses clients et les professionnels fran\u00e7ais et europ\u00e9ens, de g\u00e9n\u00e9rer de nouvelles opportunit\u00e9s et de continuer \u00e0 accro\u00eetre la visibilit\u00e9 internationale d\u2019une marque pr\u00e9sente sur des projets de typologies et de march\u00e9s tr\u00e8s vari\u00e9s. L\u2019exp\u00e9rience acquise en France permet \u00e0 l\u2019entreprise d\u2019aborder cette \u00e9dition de BATIMAT non seulement pour pr\u00e9senter ses produits, mais \u00e9galement pour \u00e9changer autour de projets concrets et des besoins auxquels le secteur de la construction doit aujourd\u2019hui r\u00e9pondre. H\u00f4tels, centres sportifs, espaces de loisirs, b\u00e2timents publics ou grandes infrastructures n\u00e9cessitent des r\u00e9ponses diff\u00e9rentes, mais partagent des exigences croissantes en mati\u00e8re de <strong>s\u00e9curit\u00e9, de performances et d\u2019int\u00e9gration architecturale<\/strong>. C\u2019est pr\u00e9cis\u00e9ment sur ce terrain que Padilla souhaite positionner son offre.<\/p>\n<p class=\"isSelectedEnd\">Avec sa participation \u00e0 <strong>BATIMAT 2026<\/strong>, l\u2019entreprise revient \u00e0 Paris avec l\u2019ambition de continuer \u00e0 construire des relations durables, d\u2019\u00eatre \u00e0 l\u2019\u00e9coute des besoins des professionnels du secteur et de montrer comment \u00e9volue sa vision de la protection incendie.<\/p>\n<h4><strong>Padilla Fire Doors \u2013 BATIMAT 2026<\/strong><br \/>\nDu 28 septembre au 1er octobre 2026<br \/>\nHall 5.2 \u00b7 Stand D32<br \/>\nParis Expo Porte de Versailles \u00b7 Paris<\/h4>\n","protected":false},"excerpt":{"rendered":"<p>L\u2019entreprise espagnole pr\u00e9sentera \u00e0 Paris ses derni\u00e8res solutions de portes coupe-feu, apr\u00e8s avoir particip\u00e9 \u00e0 des projets embl\u00e9matiques en France tels que le Ritz Paris, Disneyland Paris ou encore le centre d\u2019entra\u00eenement du Paris Saint-Germain. \u00c0 la fin du mois de septembre, Paris redeviendra l\u2019un [&hellip;]<\/p>\n","protected":false},"author":6,"featured_media":19947,"comment_status":"closed","ping_status":"open","sticky":false,"template":"","format":"standard","meta":{"_acf_changed":false,"footnotes":""},"categories":[207],"tags":[],"class_list":["post-19952","post","type-post","status-publish","format-standard","has-post-thumbnail","hentry","category-actualites"],"acf":[],"yoast_head":"<!-- This site is optimized with the Yoast SEO plugin v26.8 - https:\/\/yoast.com\/product\/yoast-seo-wordpress\/ -->\n<title>Padilla Fire Doors renforce sa pr\u00e9sence en France avec sa participation \u00e0 BATIMAT 2026 - Puertas Padilla<\/title>\n<meta name=\"description\" content=\"La compa\u00f1\u00eda espa\u00f1ola llevar\u00e1 a Par\u00eds sus \u00faltimas soluciones en puertas cortafuegos tras participar en proyectos emblem\u00e1ticos en Francia como el Ritz Paris, Disneyland Paris o el centro de entrenamiento del Paris Saint-Germain.\" \/>\n<meta name=\"robots\" content=\"index, follow, max-snippet:-1, max-image-preview:large, max-video-preview:-1\" \/>\n<link rel=\"canonical\" href=\"https:\/\/ppadilla.es\/fr\/padilla-fire-doors-refuerza-su-presencia-en-francia-con-su-participacion-en-batimat-2026\/\" \/>\n<meta property=\"og:locale\" content=\"fr_FR\" \/>\n<meta property=\"og:type\" content=\"article\" \/>\n<meta property=\"og:title\" content=\"Padilla Fire Doors renforce sa pr\u00e9sence en France avec sa participation \u00e0 BATIMAT 2026 - Puertas Padilla\" \/>\n<meta property=\"og:description\" content=\"La compa\u00f1\u00eda espa\u00f1ola llevar\u00e1 a Par\u00eds sus \u00faltimas soluciones en puertas cortafuegos tras participar en proyectos emblem\u00e1ticos en Francia como el Ritz Paris, Disneyland Paris o el centro de entrenamiento del Paris Saint-Germain.\" \/>\n<meta property=\"og:url\" content=\"https:\/\/ppadilla.es\/fr\/padilla-fire-doors-refuerza-su-presencia-en-francia-con-su-participacion-en-batimat-2026\/\" \/>\n<meta property=\"og:site_name\" content=\"Puertas Padilla\" \/>\n<meta property=\"article:published_time\" content=\"2026-09-01T06:57:31+00:00\" \/>\n<meta property=\"article:modified_time\" content=\"2026-09-01T07:09:29+00:00\" \/>\n<meta property=\"og:image\" content=\"https:\/\/ppadilla.es\/wp-content\/uploads\/2026\/09\/cartel-batimar-4.webp\" \/>\n\t<meta property=\"og:image:width\" content=\"1080\" \/>\n\t<meta property=\"og:image:height\" content=\"1350\" \/>\n\t<meta property=\"og:image:type\" content=\"image\/webp\" \/>\n<meta name=\"author\" content=\"Recepcion\" \/>\n<meta name=\"twitter:card\" content=\"summary_large_image\" \/>\n<meta name=\"twitter:label1\" content=\"\u00c9crit par\" \/>\n\t<meta name=\"twitter:data1\" content=\"Recepcion\" \/>\n\t<meta name=\"twitter:label2\" content=\"Dur\u00e9e de lecture estim\u00e9e\" \/>\n\t<meta name=\"twitter:data2\" content=\"4 minutes\" \/>\n<script type=\"application\/ld+json\" class=\"yoast-schema-graph\">{\"@context\":\"https:\/\/schema.org\",\"@graph\":[{\"@type\":\"Article\",\"@id\":\"https:\/\/ppadilla.es\/fr\/padilla-fire-doors-refuerza-su-presencia-en-francia-con-su-participacion-en-batimat-2026\/#article\",\"isPartOf\":{\"@id\":\"https:\/\/ppadilla.es\/fr\/padilla-fire-doors-refuerza-su-presencia-en-francia-con-su-participacion-en-batimat-2026\/\"},\"author\":{\"name\":\"Recepcion\",\"@id\":\"https:\/\/ppadilla.es\/#\/schema\/person\/01df890ed31d76c9c3ea18f85491208c\"},\"headline\":\"Padilla Fire Doors renforce sa pr\u00e9sence en France avec sa participation \u00e0 BATIMAT 2026\",\"datePublished\":\"2026-09-01T06:57:31+00:00\",\"dateModified\":\"2026-09-01T07:09:29+00:00\",\"mainEntityOfPage\":{\"@id\":\"https:\/\/ppadilla.es\/fr\/padilla-fire-doors-refuerza-su-presencia-en-francia-con-su-participacion-en-batimat-2026\/\"},\"wordCount\":725,\"image\":{\"@id\":\"https:\/\/ppadilla.es\/fr\/padilla-fire-doors-refuerza-su-presencia-en-francia-con-su-participacion-en-batimat-2026\/#primaryimage\"},\"thumbnailUrl\":\"https:\/\/ppadilla.es\/wp-content\/uploads\/2026\/09\/cartel-batimar-4.webp\",\"articleSection\":[\"Actualit\u00e9s\"],\"inLanguage\":\"fr-FR\"},{\"@type\":\"WebPage\",\"@id\":\"https:\/\/ppadilla.es\/fr\/padilla-fire-doors-refuerza-su-presencia-en-francia-con-su-participacion-en-batimat-2026\/\",\"url\":\"https:\/\/ppadilla.es\/fr\/padilla-fire-doors-refuerza-su-presencia-en-francia-con-su-participacion-en-batimat-2026\/\",\"name\":\"Padilla Fire Doors renforce sa pr\u00e9sence en France avec sa participation \u00e0 BATIMAT 2026 - Puertas Padilla\",\"isPartOf\":{\"@id\":\"https:\/\/ppadilla.es\/#website\"},\"primaryImageOfPage\":{\"@id\":\"https:\/\/ppadilla.es\/fr\/padilla-fire-doors-refuerza-su-presencia-en-francia-con-su-participacion-en-batimat-2026\/#primaryimage\"},\"image\":{\"@id\":\"https:\/\/ppadilla.es\/fr\/padilla-fire-doors-refuerza-su-presencia-en-francia-con-su-participacion-en-batimat-2026\/#primaryimage\"},\"thumbnailUrl\":\"https:\/\/ppadilla.es\/wp-content\/uploads\/2026\/09\/cartel-batimar-4.webp\",\"datePublished\":\"2026-09-01T06:57:31+00:00\",\"dateModified\":\"2026-09-01T07:09:29+00:00\",\"author\":{\"@id\":\"https:\/\/ppadilla.es\/#\/schema\/person\/01df890ed31d76c9c3ea18f85491208c\"},\"description\":\"La compa\u00f1\u00eda espa\u00f1ola llevar\u00e1 a Par\u00eds sus \u00faltimas soluciones en puertas cortafuegos tras participar en proyectos emblem\u00e1ticos en Francia como el Ritz Paris, Disneyland Paris o el centro de entrenamiento del Paris Saint-Germain.\",\"breadcrumb\":{\"@id\":\"https:\/\/ppadilla.es\/fr\/padilla-fire-doors-refuerza-su-presencia-en-francia-con-su-participacion-en-batimat-2026\/#breadcrumb\"},\"inLanguage\":\"fr-FR\",\"potentialAction\":[{\"@type\":\"ReadAction\",\"target\":[\"https:\/\/ppadilla.es\/fr\/padilla-fire-doors-refuerza-su-presencia-en-francia-con-su-participacion-en-batimat-2026\/\"]}]},{\"@type\":\"ImageObject\",\"inLanguage\":\"fr-FR\",\"@id\":\"https:\/\/ppadilla.es\/fr\/padilla-fire-doors-refuerza-su-presencia-en-francia-con-su-participacion-en-batimat-2026\/#primaryimage\",\"url\":\"https:\/\/ppadilla.es\/wp-content\/uploads\/2026\/09\/cartel-batimar-4.webp\",\"contentUrl\":\"https:\/\/ppadilla.es\/wp-content\/uploads\/2026\/09\/cartel-batimar-4.webp\",\"width\":1080,\"height\":1350},{\"@type\":\"BreadcrumbList\",\"@id\":\"https:\/\/ppadilla.es\/fr\/padilla-fire-doors-refuerza-su-presencia-en-francia-con-su-participacion-en-batimat-2026\/#breadcrumb\",\"itemListElement\":[{\"@type\":\"ListItem\",\"position\":1,\"name\":\"Portada\",\"item\":\"https:\/\/ppadilla.es\/fr\/\"},{\"@type\":\"ListItem\",\"position\":2,\"name\":\"Padilla Fire Doors renforce sa pr\u00e9sence en France avec sa participation \u00e0 BATIMAT 2026\"}]},{\"@type\":\"WebSite\",\"@id\":\"https:\/\/ppadilla.es\/#website\",\"url\":\"https:\/\/ppadilla.es\/\",\"name\":\"Puertas Padilla\",\"description\":\"L\u00cdDERES EN PUERTAS CORTAFUEGOS\",\"potentialAction\":[{\"@type\":\"SearchAction\",\"target\":{\"@type\":\"EntryPoint\",\"urlTemplate\":\"https:\/\/ppadilla.es\/?s={search_term_string}\"},\"query-input\":{\"@type\":\"PropertyValueSpecification\",\"valueRequired\":true,\"valueName\":\"search_term_string\"}}],\"inLanguage\":\"fr-FR\"},{\"@type\":\"Person\",\"@id\":\"https:\/\/ppadilla.es\/#\/schema\/person\/01df890ed31d76c9c3ea18f85491208c\",\"name\":\"Recepcion\",\"image\":{\"@type\":\"ImageObject\",\"inLanguage\":\"fr-FR\",\"@id\":\"https:\/\/ppadilla.es\/#\/schema\/person\/image\/\",\"url\":\"https:\/\/secure.gravatar.com\/avatar\/bac66dd1347a76d1b3462993223f1e2b7bbe3da3f3ec69c345e6195f5f59afd7?s=96&d=mm&r=g\",\"contentUrl\":\"https:\/\/secure.gravatar.com\/avatar\/bac66dd1347a76d1b3462993223f1e2b7bbe3da3f3ec69c345e6195f5f59afd7?s=96&d=mm&r=g\",\"caption\":\"Recepcion\"},\"url\":\"https:\/\/ppadilla.es\/fr\/author\/recepcion\/\"}]}<\/script>\n<!-- \/ Yoast SEO plugin. -->","yoast_head_json":{"title":"Padilla Fire Doors renforce sa pr\u00e9sence en France avec sa participation \u00e0 BATIMAT 2026 - Puertas Padilla","description":"La compa\u00f1\u00eda espa\u00f1ola llevar\u00e1 a Par\u00eds sus \u00faltimas soluciones en puertas cortafuegos tras participar en proyectos emblem\u00e1ticos en Francia como el Ritz Paris, Disneyland Paris o el centro de entrenamiento del Paris Saint-Germain.","robots":{"index":"index","follow":"follow","max-snippet":"max-snippet:-1","max-image-preview":"max-image-preview:large","max-video-preview":"max-video-preview:-1"},"canonical":"https:\/\/ppadilla.es\/fr\/padilla-fire-doors-refuerza-su-presencia-en-francia-con-su-participacion-en-batimat-2026\/","og_locale":"fr_FR","og_type":"article","og_title":"Padilla Fire Doors renforce sa pr\u00e9sence en France avec sa participation \u00e0 BATIMAT 2026 - Puertas Padilla","og_description":"La compa\u00f1\u00eda espa\u00f1ola llevar\u00e1 a Par\u00eds sus \u00faltimas soluciones en puertas cortafuegos tras participar en proyectos emblem\u00e1ticos en Francia como el Ritz Paris, Disneyland Paris o el centro de entrenamiento del Paris Saint-Germain.","og_url":"https:\/\/ppadilla.es\/fr\/padilla-fire-doors-refuerza-su-presencia-en-francia-con-su-participacion-en-batimat-2026\/","og_site_name":"Puertas Padilla","article_published_time":"2026-09-01T06:57:31+00:00","article_modified_time":"2026-09-01T07:09:29+00:00","og_image":[{"width":1080,"height":1350,"url":"https:\/\/ppadilla.es\/wp-content\/uploads\/2026\/09\/cartel-batimar-4.webp","type":"image\/webp"}],"author":"Recepcion","twitter_card":"summary_large_image","twitter_misc":{"\u00c9crit par":"Recepcion","Dur\u00e9e de lecture estim\u00e9e":"4 minutes"},"schema":{"@context":"https:\/\/schema.org","@graph":[{"@type":"Article","@id":"https:\/\/ppadilla.es\/fr\/padilla-fire-doors-refuerza-su-presencia-en-francia-con-su-participacion-en-batimat-2026\/#article","isPartOf":{"@id":"https:\/\/ppadilla.es\/fr\/padilla-fire-doors-refuerza-su-presencia-en-francia-con-su-participacion-en-batimat-2026\/"},"author":{"name":"Recepcion","@id":"https:\/\/ppadilla.es\/#\/schema\/person\/01df890ed31d76c9c3ea18f85491208c"},"headline":"Padilla Fire Doors renforce sa pr\u00e9sence en France avec sa participation \u00e0 BATIMAT 2026","datePublished":"2026-09-01T06:57:31+00:00","dateModified":"2026-09-01T07:09:29+00:00","mainEntityOfPage":{"@id":"https:\/\/ppadilla.es\/fr\/padilla-fire-doors-refuerza-su-presencia-en-francia-con-su-participacion-en-batimat-2026\/"},"wordCount":725,"image":{"@id":"https:\/\/ppadilla.es\/fr\/padilla-fire-doors-refuerza-su-presencia-en-francia-con-su-participacion-en-batimat-2026\/#primaryimage"},"thumbnailUrl":"https:\/\/ppadilla.es\/wp-content\/uploads\/2026\/09\/cartel-batimar-4.webp","articleSection":["Actualit\u00e9s"],"inLanguage":"fr-FR"},{"@type":"WebPage","@id":"https:\/\/ppadilla.es\/fr\/padilla-fire-doors-refuerza-su-presencia-en-francia-con-su-participacion-en-batimat-2026\/","url":"https:\/\/ppadilla.es\/fr\/padilla-fire-doors-refuerza-su-presencia-en-francia-con-su-participacion-en-batimat-2026\/","name":"Padilla Fire Doors renforce sa pr\u00e9sence en France avec sa participation \u00e0 BATIMAT 2026 - Puertas Padilla","isPartOf":{"@id":"https:\/\/ppadilla.es\/#website"},"primaryImageOfPage":{"@id":"https:\/\/ppadilla.es\/fr\/padilla-fire-doors-refuerza-su-presencia-en-francia-con-su-participacion-en-batimat-2026\/#primaryimage"},"image":{"@id":"https:\/\/ppadilla.es\/fr\/padilla-fire-doors-refuerza-su-presencia-en-francia-con-su-participacion-en-batimat-2026\/#primaryimage"},"thumbnailUrl":"https:\/\/ppadilla.es\/wp-content\/uploads\/2026\/09\/cartel-batimar-4.webp","datePublished":"2026-09-01T06:57:31+00:00","dateModified":"2026-09-01T07:09:29+00:00","author":{"@id":"https:\/\/ppadilla.es\/#\/schema\/person\/01df890ed31d76c9c3ea18f85491208c"},"description":"La compa\u00f1\u00eda espa\u00f1ola llevar\u00e1 a Par\u00eds sus \u00faltimas soluciones en puertas cortafuegos tras participar en proyectos emblem\u00e1ticos en Francia como el Ritz Paris, Disneyland Paris o el centro de entrenamiento del Paris Saint-Germain.","breadcrumb":{"@id":"https:\/\/ppadilla.es\/fr\/padilla-fire-doors-refuerza-su-presencia-en-francia-con-su-participacion-en-batimat-2026\/#breadcrumb"},"inLanguage":"fr-FR","potentialAction":[{"@type":"ReadAction","target":["https:\/\/ppadilla.es\/fr\/padilla-fire-doors-refuerza-su-presencia-en-francia-con-su-participacion-en-batimat-2026\/"]}]},{"@type":"ImageObject","inLanguage":"fr-FR","@id":"https:\/\/ppadilla.es\/fr\/padilla-fire-doors-refuerza-su-presencia-en-francia-con-su-participacion-en-batimat-2026\/#primaryimage","url":"https:\/\/ppadilla.es\/wp-content\/uploads\/2026\/09\/cartel-batimar-4.webp","contentUrl":"https:\/\/ppadilla.es\/wp-content\/uploads\/2026\/09\/cartel-batimar-4.webp","width":1080,"height":1350},{"@type":"BreadcrumbList","@id":"https:\/\/ppadilla.es\/fr\/padilla-fire-doors-refuerza-su-presencia-en-francia-con-su-participacion-en-batimat-2026\/#breadcrumb","itemListElement":[{"@type":"ListItem","position":1,"name":"Portada","item":"https:\/\/ppadilla.es\/fr\/"},{"@type":"ListItem","position":2,"name":"Padilla Fire Doors renforce sa pr\u00e9sence en France avec sa participation \u00e0 BATIMAT 2026"}]},{"@type":"WebSite","@id":"https:\/\/ppadilla.es\/#website","url":"https:\/\/ppadilla.es\/","name":"Puertas Padilla","description":"L\u00cdDERES EN PUERTAS CORTAFUEGOS","potentialAction":[{"@type":"SearchAction","target":{"@type":"EntryPoint","urlTemplate":"https:\/\/ppadilla.es\/?s={search_term_string}"},"query-input":{"@type":"PropertyValueSpecification","valueRequired":true,"valueName":"search_term_string"}}],"inLanguage":"fr-FR"},{"@type":"Person","@id":"https:\/\/ppadilla.es\/#\/schema\/person\/01df890ed31d76c9c3ea18f85491208c","name":"Recepcion","image":{"@type":"ImageObject","inLanguage":"fr-FR","@id":"https:\/\/ppadilla.es\/#\/schema\/person\/image\/","url":"https:\/\/secure.gravatar.com\/avatar\/bac66dd1347a76d1b3462993223f1e2b7bbe3da3f3ec69c345e6195f5f59afd7?s=96&d=mm&r=g","contentUrl":"https:\/\/secure.gravatar.com\/avatar\/bac66dd1347a76d1b3462993223f1e2b7bbe3da3f3ec69c345e6195f5f59afd7?s=96&d=mm&r=g","caption":"Recepcion"},"url":"https:\/\/ppadilla.es\/fr\/author\/recepcion\/"}]}},"_links":{"self":[{"href":"https:\/\/ppadilla.es\/fr\/wp-json\/wp\/v2\/posts\/19952","targetHints":{"allow":["GET"]}}],"collection":[{"href":"https:\/\/ppadilla.es\/fr\/wp-json\/wp\/v2\/posts"}],"about":[{"href":"https:\/\/ppadilla.es\/fr\/wp-json\/wp\/v2\/types\/post"}],"author":[{"embeddable":true,"href":"https:\/\/ppadilla.es\/fr\/wp-json\/wp\/v2\/users\/6"}],"replies":[{"embeddable":true,"href":"https:\/\/ppadilla.es\/fr\/wp-json\/wp\/v2\/comments?post=19952"}],"version-history":[{"count":3,"href":"https:\/\/ppadilla.es\/fr\/wp-json\/wp\/v2\/posts\/19952\/revisions"}],"predecessor-version":[{"id":19964,"href":"https:\/\/ppadilla.es\/fr\/wp-json\/wp\/v2\/posts\/19952\/revisions\/19964"}],"wp:featuredmedia":[{"embeddable":true,"href":"https:\/\/ppadilla.es\/fr\/wp-json\/wp\/v2\/media\/19947"}],"wp:attachment":[{"href":"https:\/\/ppadilla.es\/fr\/wp-json\/wp\/v2\/media?parent=19952"}],"wp:term":[{"taxonomy":"category","embeddable":true,"href":"https:\/\/ppadilla.es\/fr\/wp-json\/wp\/v2\/categories?post=19952"},{"taxonomy":"post_tag","embeddable":true,"href":"https:\/\/ppadilla.es\/fr\/wp-json\/wp\/v2\/tags?post=19952"}],"curies":[{"name":"wp","href":"https:\/\/api.w.org\/{rel}","templated":true}]}}