{"id":13481,"date":"2024-04-05T09:54:26","date_gmt":"2024-04-05T09:54:26","guid":{"rendered":"https:\/\/ppadilla.es\/puertas-padilla-sponsor-de-la-donosti-cup\/"},"modified":"2024-04-05T10:11:22","modified_gmt":"2024-04-05T10:11:22","slug":"puertas-padilla-sponsor-de-la-donosti-cup","status":"publish","type":"post","link":"https:\/\/ppadilla.es\/fr\/puertas-padilla-sponsor-de-la-donosti-cup\/","title":{"rendered":"PUERTAS PADILLA sponsor de la Donosti Cup"},"content":{"rendered":"<p><img loading=\"lazy\" decoding=\"async\" class=\"size-medium wp-image-10222 aligncenter\" src=\"https:\/\/ppadilla.es\/wp-content\/uploads\/2022\/07\/donosti-cup-e1656685658288-300x287.jpg\" alt=\"\" width=\"300\" height=\"287\" srcset=\"https:\/\/ppadilla.es\/wp-content\/uploads\/2022\/07\/donosti-cup-e1656685658288-300x287.jpg 300w, https:\/\/ppadilla.es\/wp-content\/uploads\/2022\/07\/donosti-cup-e1656685658288.jpg 494w\" sizes=\"auto, (max-width: 300px) 100vw, 300px\" \/><\/p>\n<p style=\"text-align: left;\">Le coup d&rsquo;envoi de la 30e \u00e9dition de la Coupe Donosti sera donn\u00e9 \u00e0 Saint-S\u00e9bastien le 3 juillet. Pendant une semaine et jusqu&rsquo;au samedi 9 juillet, des \u00e9quipes de football du monde entier pourront r\u00e9aliser leur r\u00eave de participer \u00e0 ce tournoi, qui c\u00e9l\u00e8bre cette ann\u00e9e son 30e anniversaire.<\/p>\n<p style=\"text-align: left;\">Cette ann\u00e9e, il y a 100 \u00e9quipes de football f\u00e9minin r\u00e9parties en 7 groupes, et 524 \u00e9quipes masculines r\u00e9parties en 14 groupes.<\/p>\n<p style=\"text-align: left;\">L&rsquo;objectif de ce tournoi est de contribuer \u00e0 am\u00e9liorer la vie des personnes en situation de vuln\u00e9rabilit\u00e9 en soutenant des projets qui utilisent le football comme moteur de changement. Ainsi, la Fondation Donosti Cup finance la participation d&rsquo;\u00e9quipes de football sans ressources afin qu&rsquo;elles puissent participer \u00e0 ce tournoi.<\/p>\n<p style=\"text-align: left;\">Des gar\u00e7ons et des filles originaires de r\u00e9gions vuln\u00e9rables ou de villes touch\u00e9es par des conflits ou des catastrophes naturelles ont particip\u00e9 \u00e0 cet \u00e9v\u00e9nement au fil des ans. Des \u00e9quipes de Sierra Leone, de Zambie, d&rsquo;Irak, du Salvador, de Colombie ou du Mozambique \u00e0 plus de 50 \u00e9quipes sans ressources.<\/p>\n<p style=\"text-align: left;\">En bref, l&rsquo;\u00e9galit\u00e9 des sexes, la solidarit\u00e9, l&rsquo;esprit sportif, l&rsquo;inclusion ou le respect de l&rsquo;environnement sont les valeurs promues par cette rencontre de jeunes de diff\u00e9rentes parties du monde. Cette ann\u00e9e, Puertas Padilla a le plaisir d&rsquo;annoncer qu&rsquo;elle sponsorise 3 des \u00e9quipes de l&rsquo;\u00e9cole de football Torre Pacheco qui participeront \u00e0 ce grand tournoi.<\/p>\n<p style=\"text-align: left;\">Bonne chance \u00e0 tous et f\u00e9licitations pour votre 30e anniversaire !<\/p>\n","protected":false},"excerpt":{"rendered":"<p>Le coup d&rsquo;envoi de la 30e \u00e9dition de la Coupe Donosti sera donn\u00e9 \u00e0 Saint-S\u00e9bastien le 3 juillet. Pendant une semaine et jusqu&rsquo;au samedi 9 juillet, des \u00e9quipes de football du monde entier pourront r\u00e9aliser leur r\u00eave de participer \u00e0 ce tournoi, qui c\u00e9l\u00e8bre cette [&hellip;]<\/p>\n","protected":false},"author":1,"featured_media":13482,"comment_status":"closed","ping_status":"closed","sticky":false,"template":"","format":"standard","meta":{"_acf_changed":false,"footnotes":""},"categories":[207],"tags":[],"class_list":["post-13481","post","type-post","status-publish","format-standard","has-post-thumbnail","hentry","category-actualites"],"acf":[],"yoast_head":"<!-- This site is optimized with the Yoast SEO plugin v26.8 - https:\/\/yoast.com\/product\/yoast-seo-wordpress\/ -->\n<title>PUERTAS PADILLA sponsor de la Donosti Cup - Puertas Padilla<\/title>\n<meta name=\"robots\" content=\"index, follow, max-snippet:-1, max-image-preview:large, max-video-preview:-1\" \/>\n<link rel=\"canonical\" href=\"https:\/\/ppadilla.es\/fr\/puertas-padilla-sponsor-de-la-donosti-cup\/\" \/>\n<meta property=\"og:locale\" content=\"fr_FR\" \/>\n<meta property=\"og:type\" content=\"article\" \/>\n<meta property=\"og:title\" content=\"PUERTAS PADILLA sponsor de la Donosti Cup - Puertas Padilla\" \/>\n<meta property=\"og:description\" content=\"Le coup d&rsquo;envoi de la 30e \u00e9dition de la Coupe Donosti sera donn\u00e9 \u00e0 Saint-S\u00e9bastien le 3 juillet. Pendant une semaine et jusqu&rsquo;au samedi 9 juillet, des \u00e9quipes de football du monde entier pourront r\u00e9aliser leur r\u00eave de participer \u00e0 ce tournoi, qui c\u00e9l\u00e8bre cette [&hellip;]\" \/>\n<meta property=\"og:url\" content=\"https:\/\/ppadilla.es\/fr\/puertas-padilla-sponsor-de-la-donosti-cup\/\" \/>\n<meta property=\"og:site_name\" content=\"Puertas Padilla\" \/>\n<meta property=\"article:published_time\" content=\"2024-04-05T09:54:26+00:00\" \/>\n<meta property=\"article:modified_time\" content=\"2024-04-05T10:11:22+00:00\" \/>\n<meta property=\"og:image\" content=\"https:\/\/ppadilla.es\/wp-content\/uploads\/2022\/07\/donosti-cup-e1656685658288.jpg\" \/>\n\t<meta property=\"og:image:width\" content=\"494\" \/>\n\t<meta property=\"og:image:height\" content=\"472\" \/>\n\t<meta property=\"og:image:type\" content=\"image\/jpeg\" \/>\n<meta name=\"author\" content=\"ppadilla\" \/>\n<meta name=\"twitter:card\" content=\"summary_large_image\" \/>\n<meta name=\"twitter:label1\" content=\"\u00c9crit par\" \/>\n\t<meta name=\"twitter:data1\" content=\"ppadilla\" \/>\n\t<meta name=\"twitter:label2\" content=\"Dur\u00e9e de lecture estim\u00e9e\" \/>\n\t<meta name=\"twitter:data2\" content=\"1 minute\" \/>\n<script type=\"application\/ld+json\" class=\"yoast-schema-graph\">{\"@context\":\"https:\/\/schema.org\",\"@graph\":[{\"@type\":\"Article\",\"@id\":\"https:\/\/ppadilla.es\/fr\/puertas-padilla-sponsor-de-la-donosti-cup\/#article\",\"isPartOf\":{\"@id\":\"https:\/\/ppadilla.es\/fr\/puertas-padilla-sponsor-de-la-donosti-cup\/\"},\"author\":{\"name\":\"ppadilla\",\"@id\":\"https:\/\/ppadilla.es\/#\/schema\/person\/91fc75096bd2c6cdc460be34851d3e7a\"},\"headline\":\"PUERTAS PADILLA sponsor de la Donosti Cup\",\"datePublished\":\"2024-04-05T09:54:26+00:00\",\"dateModified\":\"2024-04-05T10:11:22+00:00\",\"mainEntityOfPage\":{\"@id\":\"https:\/\/ppadilla.es\/fr\/puertas-padilla-sponsor-de-la-donosti-cup\/\"},\"wordCount\":259,\"image\":{\"@id\":\"https:\/\/ppadilla.es\/fr\/puertas-padilla-sponsor-de-la-donosti-cup\/#primaryimage\"},\"thumbnailUrl\":\"https:\/\/ppadilla.es\/wp-content\/uploads\/2022\/07\/donosti-cup-e1656685658288.jpg\",\"articleSection\":[\"Actualit\u00e9s\"],\"inLanguage\":\"fr-FR\"},{\"@type\":\"WebPage\",\"@id\":\"https:\/\/ppadilla.es\/fr\/puertas-padilla-sponsor-de-la-donosti-cup\/\",\"url\":\"https:\/\/ppadilla.es\/fr\/puertas-padilla-sponsor-de-la-donosti-cup\/\",\"name\":\"PUERTAS PADILLA sponsor de la Donosti Cup - Puertas Padilla\",\"isPartOf\":{\"@id\":\"https:\/\/ppadilla.es\/#website\"},\"primaryImageOfPage\":{\"@id\":\"https:\/\/ppadilla.es\/fr\/puertas-padilla-sponsor-de-la-donosti-cup\/#primaryimage\"},\"image\":{\"@id\":\"https:\/\/ppadilla.es\/fr\/puertas-padilla-sponsor-de-la-donosti-cup\/#primaryimage\"},\"thumbnailUrl\":\"https:\/\/ppadilla.es\/wp-content\/uploads\/2022\/07\/donosti-cup-e1656685658288.jpg\",\"datePublished\":\"2024-04-05T09:54:26+00:00\",\"dateModified\":\"2024-04-05T10:11:22+00:00\",\"author\":{\"@id\":\"https:\/\/ppadilla.es\/#\/schema\/person\/91fc75096bd2c6cdc460be34851d3e7a\"},\"breadcrumb\":{\"@id\":\"https:\/\/ppadilla.es\/fr\/puertas-padilla-sponsor-de-la-donosti-cup\/#breadcrumb\"},\"inLanguage\":\"fr-FR\",\"potentialAction\":[{\"@type\":\"ReadAction\",\"target\":[\"https:\/\/ppadilla.es\/fr\/puertas-padilla-sponsor-de-la-donosti-cup\/\"]}]},{\"@type\":\"ImageObject\",\"inLanguage\":\"fr-FR\",\"@id\":\"https:\/\/ppadilla.es\/fr\/puertas-padilla-sponsor-de-la-donosti-cup\/#primaryimage\",\"url\":\"https:\/\/ppadilla.es\/wp-content\/uploads\/2022\/07\/donosti-cup-e1656685658288.jpg\",\"contentUrl\":\"https:\/\/ppadilla.es\/wp-content\/uploads\/2022\/07\/donosti-cup-e1656685658288.jpg\",\"width\":494,\"height\":472},{\"@type\":\"BreadcrumbList\",\"@id\":\"https:\/\/ppadilla.es\/fr\/puertas-padilla-sponsor-de-la-donosti-cup\/#breadcrumb\",\"itemListElement\":[{\"@type\":\"ListItem\",\"position\":1,\"name\":\"Portada\",\"item\":\"https:\/\/ppadilla.es\/fr\/\"},{\"@type\":\"ListItem\",\"position\":2,\"name\":\"PUERTAS PADILLA sponsor de la Donosti Cup\"}]},{\"@type\":\"WebSite\",\"@id\":\"https:\/\/ppadilla.es\/#website\",\"url\":\"https:\/\/ppadilla.es\/\",\"name\":\"Puertas Padilla\",\"description\":\"L\u00cdDERES EN PUERTAS CORTAFUEGOS\",\"potentialAction\":[{\"@type\":\"SearchAction\",\"target\":{\"@type\":\"EntryPoint\",\"urlTemplate\":\"https:\/\/ppadilla.es\/?s={search_term_string}\"},\"query-input\":{\"@type\":\"PropertyValueSpecification\",\"valueRequired\":true,\"valueName\":\"search_term_string\"}}],\"inLanguage\":\"fr-FR\"},{\"@type\":\"Person\",\"@id\":\"https:\/\/ppadilla.es\/#\/schema\/person\/91fc75096bd2c6cdc460be34851d3e7a\",\"name\":\"ppadilla\",\"image\":{\"@type\":\"ImageObject\",\"inLanguage\":\"fr-FR\",\"@id\":\"https:\/\/ppadilla.es\/#\/schema\/person\/image\/\",\"url\":\"https:\/\/secure.gravatar.com\/avatar\/68dd2e4f91403c629e655c85c9f976e8fafad6cdac1dbf342305bb3494a6cc5f?s=96&d=mm&r=g\",\"contentUrl\":\"https:\/\/secure.gravatar.com\/avatar\/68dd2e4f91403c629e655c85c9f976e8fafad6cdac1dbf342305bb3494a6cc5f?s=96&d=mm&r=g\",\"caption\":\"ppadilla\"},\"url\":\"https:\/\/ppadilla.es\/fr\/author\/ppadilla\/\"}]}<\/script>\n<!-- \/ Yoast SEO plugin. -->","yoast_head_json":{"title":"PUERTAS PADILLA sponsor de la Donosti Cup - Puertas Padilla","robots":{"index":"index","follow":"follow","max-snippet":"max-snippet:-1","max-image-preview":"max-image-preview:large","max-video-preview":"max-video-preview:-1"},"canonical":"https:\/\/ppadilla.es\/fr\/puertas-padilla-sponsor-de-la-donosti-cup\/","og_locale":"fr_FR","og_type":"article","og_title":"PUERTAS PADILLA sponsor de la Donosti Cup - Puertas Padilla","og_description":"Le coup d&rsquo;envoi de la 30e \u00e9dition de la Coupe Donosti sera donn\u00e9 \u00e0 Saint-S\u00e9bastien le 3 juillet. Pendant une semaine et jusqu&rsquo;au samedi 9 juillet, des \u00e9quipes de football du monde entier pourront r\u00e9aliser leur r\u00eave de participer \u00e0 ce tournoi, qui c\u00e9l\u00e8bre cette [&hellip;]","og_url":"https:\/\/ppadilla.es\/fr\/puertas-padilla-sponsor-de-la-donosti-cup\/","og_site_name":"Puertas Padilla","article_published_time":"2024-04-05T09:54:26+00:00","article_modified_time":"2024-04-05T10:11:22+00:00","og_image":[{"width":494,"height":472,"url":"https:\/\/ppadilla.es\/wp-content\/uploads\/2022\/07\/donosti-cup-e1656685658288.jpg","type":"image\/jpeg"}],"author":"ppadilla","twitter_card":"summary_large_image","twitter_misc":{"\u00c9crit par":"ppadilla","Dur\u00e9e de lecture estim\u00e9e":"1 minute"},"schema":{"@context":"https:\/\/schema.org","@graph":[{"@type":"Article","@id":"https:\/\/ppadilla.es\/fr\/puertas-padilla-sponsor-de-la-donosti-cup\/#article","isPartOf":{"@id":"https:\/\/ppadilla.es\/fr\/puertas-padilla-sponsor-de-la-donosti-cup\/"},"author":{"name":"ppadilla","@id":"https:\/\/ppadilla.es\/#\/schema\/person\/91fc75096bd2c6cdc460be34851d3e7a"},"headline":"PUERTAS PADILLA sponsor de la Donosti Cup","datePublished":"2024-04-05T09:54:26+00:00","dateModified":"2024-04-05T10:11:22+00:00","mainEntityOfPage":{"@id":"https:\/\/ppadilla.es\/fr\/puertas-padilla-sponsor-de-la-donosti-cup\/"},"wordCount":259,"image":{"@id":"https:\/\/ppadilla.es\/fr\/puertas-padilla-sponsor-de-la-donosti-cup\/#primaryimage"},"thumbnailUrl":"https:\/\/ppadilla.es\/wp-content\/uploads\/2022\/07\/donosti-cup-e1656685658288.jpg","articleSection":["Actualit\u00e9s"],"inLanguage":"fr-FR"},{"@type":"WebPage","@id":"https:\/\/ppadilla.es\/fr\/puertas-padilla-sponsor-de-la-donosti-cup\/","url":"https:\/\/ppadilla.es\/fr\/puertas-padilla-sponsor-de-la-donosti-cup\/","name":"PUERTAS PADILLA sponsor de la Donosti Cup - Puertas Padilla","isPartOf":{"@id":"https:\/\/ppadilla.es\/#website"},"primaryImageOfPage":{"@id":"https:\/\/ppadilla.es\/fr\/puertas-padilla-sponsor-de-la-donosti-cup\/#primaryimage"},"image":{"@id":"https:\/\/ppadilla.es\/fr\/puertas-padilla-sponsor-de-la-donosti-cup\/#primaryimage"},"thumbnailUrl":"https:\/\/ppadilla.es\/wp-content\/uploads\/2022\/07\/donosti-cup-e1656685658288.jpg","datePublished":"2024-04-05T09:54:26+00:00","dateModified":"2024-04-05T10:11:22+00:00","author":{"@id":"https:\/\/ppadilla.es\/#\/schema\/person\/91fc75096bd2c6cdc460be34851d3e7a"},"breadcrumb":{"@id":"https:\/\/ppadilla.es\/fr\/puertas-padilla-sponsor-de-la-donosti-cup\/#breadcrumb"},"inLanguage":"fr-FR","potentialAction":[{"@type":"ReadAction","target":["https:\/\/ppadilla.es\/fr\/puertas-padilla-sponsor-de-la-donosti-cup\/"]}]},{"@type":"ImageObject","inLanguage":"fr-FR","@id":"https:\/\/ppadilla.es\/fr\/puertas-padilla-sponsor-de-la-donosti-cup\/#primaryimage","url":"https:\/\/ppadilla.es\/wp-content\/uploads\/2022\/07\/donosti-cup-e1656685658288.jpg","contentUrl":"https:\/\/ppadilla.es\/wp-content\/uploads\/2022\/07\/donosti-cup-e1656685658288.jpg","width":494,"height":472},{"@type":"BreadcrumbList","@id":"https:\/\/ppadilla.es\/fr\/puertas-padilla-sponsor-de-la-donosti-cup\/#breadcrumb","itemListElement":[{"@type":"ListItem","position":1,"name":"Portada","item":"https:\/\/ppadilla.es\/fr\/"},{"@type":"ListItem","position":2,"name":"PUERTAS PADILLA sponsor de la Donosti Cup"}]},{"@type":"WebSite","@id":"https:\/\/ppadilla.es\/#website","url":"https:\/\/ppadilla.es\/","name":"Puertas Padilla","description":"L\u00cdDERES EN PUERTAS CORTAFUEGOS","potentialAction":[{"@type":"SearchAction","target":{"@type":"EntryPoint","urlTemplate":"https:\/\/ppadilla.es\/?s={search_term_string}"},"query-input":{"@type":"PropertyValueSpecification","valueRequired":true,"valueName":"search_term_string"}}],"inLanguage":"fr-FR"},{"@type":"Person","@id":"https:\/\/ppadilla.es\/#\/schema\/person\/91fc75096bd2c6cdc460be34851d3e7a","name":"ppadilla","image":{"@type":"ImageObject","inLanguage":"fr-FR","@id":"https:\/\/ppadilla.es\/#\/schema\/person\/image\/","url":"https:\/\/secure.gravatar.com\/avatar\/68dd2e4f91403c629e655c85c9f976e8fafad6cdac1dbf342305bb3494a6cc5f?s=96&d=mm&r=g","contentUrl":"https:\/\/secure.gravatar.com\/avatar\/68dd2e4f91403c629e655c85c9f976e8fafad6cdac1dbf342305bb3494a6cc5f?s=96&d=mm&r=g","caption":"ppadilla"},"url":"https:\/\/ppadilla.es\/fr\/author\/ppadilla\/"}]}},"_links":{"self":[{"href":"https:\/\/ppadilla.es\/fr\/wp-json\/wp\/v2\/posts\/13481","targetHints":{"allow":["GET"]}}],"collection":[{"href":"https:\/\/ppadilla.es\/fr\/wp-json\/wp\/v2\/posts"}],"about":[{"href":"https:\/\/ppadilla.es\/fr\/wp-json\/wp\/v2\/types\/post"}],"author":[{"embeddable":true,"href":"https:\/\/ppadilla.es\/fr\/wp-json\/wp\/v2\/users\/1"}],"replies":[{"embeddable":true,"href":"https:\/\/ppadilla.es\/fr\/wp-json\/wp\/v2\/comments?post=13481"}],"version-history":[{"count":1,"href":"https:\/\/ppadilla.es\/fr\/wp-json\/wp\/v2\/posts\/13481\/revisions"}],"predecessor-version":[{"id":13483,"href":"https:\/\/ppadilla.es\/fr\/wp-json\/wp\/v2\/posts\/13481\/revisions\/13483"}],"wp:featuredmedia":[{"embeddable":true,"href":"https:\/\/ppadilla.es\/fr\/wp-json\/wp\/v2\/media\/13482"}],"wp:attachment":[{"href":"https:\/\/ppadilla.es\/fr\/wp-json\/wp\/v2\/media?parent=13481"}],"wp:term":[{"taxonomy":"category","embeddable":true,"href":"https:\/\/ppadilla.es\/fr\/wp-json\/wp\/v2\/categories?post=13481"},{"taxonomy":"post_tag","embeddable":true,"href":"https:\/\/ppadilla.es\/fr\/wp-json\/wp\/v2\/tags?post=13481"}],"curies":[{"name":"wp","href":"https:\/\/api.w.org\/{rel}","templated":true}]}}