{"id":16893,"date":"2024-11-26T15:16:53","date_gmt":"2024-11-26T15:16:53","guid":{"rendered":"https:\/\/ppadilla.es\/?p=16893"},"modified":"2026-02-24T12:59:14","modified_gmt":"2026-02-24T12:59:14","slug":"puertas-padilla-premio-md","status":"publish","type":"post","link":"https:\/\/ppadilla.es\/en\/puertas-padilla-premio-md\/","title":{"rendered":"PUERTAS PADILLA recibe el Premio MD a la Internacionalizaci\u00f3n"},"content":{"rendered":"<h4 class=\"tm7\">M\u00e1s de 200 personas estuvieron presentes en la entrega de la III edici\u00f3n de los premios <a href=\"https:\/\/www.murciadiario.com\/\">Murcia Diario.<\/a> La gala fu\u00e9 celebrada en el hotel Nelva el 25 de noviembre en la que la empresa Puertas Padilla fue distinguida con el\u00a0<strong><span class=\"tm8\">Premio MD a la Internacionalizaci\u00f3n<\/span><\/strong>\u00a0por su destacada trayectoria en el mercado global.<\/h4>\n<p class=\"tm7\">Entre los asistentes se encontraba lo m\u00e1s granado del tejido econ\u00f3mico y empresarial de la Regi\u00f3n, como Miguel \u00c1ngel Miralles Gonz\u00e1lez-Conde, vicepresidente primero de la Asamblea Regional; Marcos Ortu\u00f1o, consejero de Presidencia; Marisa L\u00f3pez, consejera de Empresa; Sara Rubira, consejera de Agricultura; Joaqu\u00edn G\u00f3mez, director el Info; Jos\u00e9 Guill\u00e9n, teniente de alcalde de Murcia; Miguel L\u00f3pez Abad y Ram\u00f3n Avil\u00e9s, presidente y secretario general de CROEM, respectivamente; Ana Correa, presidenta de COEC; Miriam Fuertes, presidenta de la C\u00e1mara de Murcia; y Jos\u00e9 Mar\u00eda G\u00f3mez Fuster, director de la Autoridad Portuaria de Cartagena, entre otros.<\/p>\n<p class=\"tm7\">El galard\u00f3n fue entregado por Miguel L\u00f3pez Abad al CEO de la compa\u00f1\u00eda, <a href=\"https:\/\/ppadilla.es\/\">Gin\u00e9s Padilla<\/a>. Durante su intervenci\u00f3n afirm\u00f3 que es &#8220;un honor&#8221; recibir este galard\u00f3n, que pone en valor el &#8220;esfuerzo de la empresa&#8221;, cuyo recorrido comenz\u00f3 realmente en los 90, afianz\u00e1ndose poco despu\u00e9s, en 1994, cuando se fund\u00f3 Puertas Padilla Portugal. Tras esto, la compa\u00f1\u00eda cuenta actualmente con 11 filiales fuera de Espa\u00f1a y 4 sedes productivas (2 de ellas en la Regi\u00f3n).<\/p>\n<p class=\"tm7\">Adem\u00e1s, comercializa sus productos en 60 pa\u00edses, pues, como el mismo Gin\u00e9s asegur\u00f3, sus puertas est\u00e1n &#8220;en todo el mundo&#8221;, como La Meca, El Vaticano, estadios como el Santiago Bernabeu o el campo del PSG, importantes aeropuertos y hoteles, el Canal de Panam\u00e1 e incluso en Chern\u00f3bil, que se ha convertido ya en el lugar &#8220;m\u00e1s emblem\u00e1tico&#8221;.<\/p>\n<p class=\"tm7\">Finalmente, el directivo destac\u00f3 el papel de las &#8220;600 personas que componen el grupo&#8221;, as\u00ed como de aquellos &#8220;que ya no est\u00e1n&#8221;, pues todos han contribuido, de una u otra manera, a que Puertas Padilla sea lo que es hoy en d\u00eda. Este premio subraya la capacidad de Puertas Padilla para liderar en el sector y posicionarse como un referente mundial.<\/p>\n<p>&nbsp;<\/p>\n<p>&nbsp;<\/p>\n<p>&nbsp;<\/p>\n<p><img loading=\"lazy\" decoding=\"async\" class=\" wp-image-16930 aligncenter\" src=\"https:\/\/ppadilla.es\/wp-content\/uploads\/2024\/11\/2024112612144443167-300x169.jpg\" alt=\"\" width=\"786\" height=\"443\" srcset=\"https:\/\/ppadilla.es\/wp-content\/uploads\/2024\/11\/2024112612144443167-300x169.jpg 300w, https:\/\/ppadilla.es\/wp-content\/uploads\/2024\/11\/2024112612144443167-768x432.jpg 768w, https:\/\/ppadilla.es\/wp-content\/uploads\/2024\/11\/2024112612144443167.jpg 992w\" sizes=\"auto, (max-width: 786px) 100vw, 786px\" \/><\/p>\n<p>&nbsp;<\/p>\n<p>&nbsp;<\/p>\n<p><img loading=\"lazy\" decoding=\"async\" class=\"wp-image-16980 aligncenter\" src=\"https:\/\/ppadilla.es\/wp-content\/uploads\/2024\/11\/2024112521595475019-1-300x169.jpg\" alt=\"\" width=\"785\" height=\"442\" srcset=\"https:\/\/ppadilla.es\/wp-content\/uploads\/2024\/11\/2024112521595475019-1-300x169.jpg 300w, https:\/\/ppadilla.es\/wp-content\/uploads\/2024\/11\/2024112521595475019-1.jpg 768w\" sizes=\"auto, (max-width: 785px) 100vw, 785px\" \/><\/p>\n<p>&nbsp;<\/p>\n<p>&nbsp;<\/p>\n<p><img loading=\"lazy\" decoding=\"async\" class=\" wp-image-16948 aligncenter\" src=\"https:\/\/ppadilla.es\/wp-content\/uploads\/2024\/11\/5-ok-300x200.jpg\" alt=\"\" width=\"780\" height=\"520\" srcset=\"https:\/\/ppadilla.es\/wp-content\/uploads\/2024\/11\/5-ok-300x200.jpg 300w, https:\/\/ppadilla.es\/wp-content\/uploads\/2024\/11\/5-ok.jpg 648w\" sizes=\"auto, (max-width: 780px) 100vw, 780px\" \/><\/p>\n<p>&nbsp;<\/p>\n<p>&nbsp;<\/p>\n<p><img loading=\"lazy\" decoding=\"async\" class=\"wp-image-16953 aligncenter\" src=\"https:\/\/ppadilla.es\/wp-content\/uploads\/2024\/11\/6-ok-300x200.jpg\" alt=\"\" width=\"780\" height=\"520\" srcset=\"https:\/\/ppadilla.es\/wp-content\/uploads\/2024\/11\/6-ok-300x200.jpg 300w, https:\/\/ppadilla.es\/wp-content\/uploads\/2024\/11\/6-ok.jpg 648w\" sizes=\"auto, (max-width: 780px) 100vw, 780px\" \/><\/p>\n<p>&nbsp;<\/p>\n<p>&nbsp;<\/p>\n<p><img loading=\"lazy\" decoding=\"async\" class=\" wp-image-16974 aligncenter\" src=\"https:\/\/ppadilla.es\/wp-content\/uploads\/2024\/11\/4-ok-300x200.jpg\" alt=\"\" width=\"781\" height=\"521\" srcset=\"https:\/\/ppadilla.es\/wp-content\/uploads\/2024\/11\/4-ok-300x200.jpg 300w, https:\/\/ppadilla.es\/wp-content\/uploads\/2024\/11\/4-ok.jpg 648w\" sizes=\"auto, (max-width: 781px) 100vw, 781px\" \/><\/p>\n<p>&nbsp;<\/p>\n<p>&nbsp;<\/p>\n<p><img loading=\"lazy\" decoding=\"async\" class=\"wp-image-16963 aligncenter\" src=\"https:\/\/ppadilla.es\/wp-content\/uploads\/2024\/11\/8-ok-300x135.jpg\" alt=\"\" width=\"780\" height=\"351\" srcset=\"https:\/\/ppadilla.es\/wp-content\/uploads\/2024\/11\/8-ok-300x135.jpg 300w, https:\/\/ppadilla.es\/wp-content\/uploads\/2024\/11\/8-ok.jpg 768w\" sizes=\"auto, (max-width: 780px) 100vw, 780px\" \/><\/p>\n<p>&nbsp;<\/p>\n<p>&nbsp;<\/p>\n<p><img loading=\"lazy\" decoding=\"async\" class=\" wp-image-16968 aligncenter\" src=\"https:\/\/ppadilla.es\/wp-content\/uploads\/2024\/11\/9-ok-300x200.jpg\" alt=\"\" width=\"780\" height=\"520\" srcset=\"https:\/\/ppadilla.es\/wp-content\/uploads\/2024\/11\/9-ok-300x200.jpg 300w, https:\/\/ppadilla.es\/wp-content\/uploads\/2024\/11\/9-ok-768x512.jpg 768w, https:\/\/ppadilla.es\/wp-content\/uploads\/2024\/11\/9-ok.jpg 837w\" sizes=\"auto, (max-width: 780px) 100vw, 780px\" \/><\/p>\n<p>&nbsp;<\/p>\n<p>&nbsp;<\/p>\n<p><img loading=\"lazy\" decoding=\"async\" class=\" wp-image-16958 aligncenter\" src=\"https:\/\/ppadilla.es\/wp-content\/uploads\/2024\/11\/7-ok-300x200.jpg\" alt=\"\" width=\"781\" height=\"521\" srcset=\"https:\/\/ppadilla.es\/wp-content\/uploads\/2024\/11\/7-ok-300x200.jpg 300w, https:\/\/ppadilla.es\/wp-content\/uploads\/2024\/11\/7-ok.jpg 648w\" sizes=\"auto, (max-width: 781px) 100vw, 781px\" \/><\/p>\n","protected":false},"excerpt":{"rendered":"<p>M\u00e1s de 200 personas estuvieron presentes en la entrega de la III edici\u00f3n de los premios Murcia Diario. La gala fu\u00e9 celebrada en el hotel Nelva el 25 de noviembre en la que la empresa Puertas Padilla fue distinguida con el\u00a0Premio MD a la Internacionalizaci\u00f3n\u00a0por [&hellip;]<\/p>\n","protected":false},"author":6,"featured_media":16913,"comment_status":"open","ping_status":"open","sticky":false,"template":"","format":"standard","meta":{"_acf_changed":false,"footnotes":""},"categories":[16],"tags":[],"class_list":["post-16893","post","type-post","status-publish","format-standard","has-post-thumbnail","hentry","category-noticias"],"acf":[],"yoast_head":"<!-- This site is optimized with the Yoast SEO plugin v26.8 - https:\/\/yoast.com\/product\/yoast-seo-wordpress\/ -->\n<title>PUERTAS PADILLA recibe el Premio MD a la Internacionalizaci\u00f3n - Puertas Padilla<\/title>\n<meta name=\"description\" content=\"La empresa Puertas Padilla fue distinguida con el\u00a0Premio MD a la Internacionalizaci\u00f3n\u00a0por su destacada trayectoria en el mercado global.\" \/>\n<meta name=\"robots\" content=\"index, follow, max-snippet:-1, max-image-preview:large, max-video-preview:-1\" \/>\n<link rel=\"canonical\" href=\"https:\/\/ppadilla.es\/puertas-padilla-premio-md\/\" \/>\n<meta property=\"og:locale\" content=\"en_US\" \/>\n<meta property=\"og:type\" content=\"article\" \/>\n<meta property=\"og:title\" content=\"PUERTAS PADILLA recibe el Premio MD a la Internacionalizaci\u00f3n - Puertas Padilla\" \/>\n<meta property=\"og:description\" content=\"La empresa Puertas Padilla fue distinguida con el\u00a0Premio MD a la Internacionalizaci\u00f3n\u00a0por su destacada trayectoria en el mercado global.\" \/>\n<meta property=\"og:url\" content=\"https:\/\/ppadilla.es\/puertas-padilla-premio-md\/\" \/>\n<meta property=\"og:site_name\" content=\"Puertas Padilla\" \/>\n<meta property=\"article:published_time\" content=\"2024-11-26T15:16:53+00:00\" \/>\n<meta property=\"article:modified_time\" content=\"2026-02-24T12:59:14+00:00\" \/>\n<meta property=\"og:image\" content=\"https:\/\/ppadilla.es\/wp-content\/uploads\/2024\/11\/premio-MD-cabecera-1.jpg\" \/>\n\t<meta property=\"og:image:width\" content=\"1346\" \/>\n\t<meta property=\"og:image:height\" content=\"1120\" \/>\n\t<meta property=\"og:image:type\" content=\"image\/jpeg\" \/>\n<meta name=\"author\" content=\"Recepcion\" \/>\n<meta name=\"twitter:card\" content=\"summary_large_image\" \/>\n<meta name=\"twitter:label1\" content=\"Written by\" \/>\n\t<meta name=\"twitter:data1\" content=\"Recepcion\" \/>\n\t<meta name=\"twitter:label2\" content=\"Est. reading time\" \/>\n\t<meta name=\"twitter:data2\" content=\"4 minutes\" \/>\n<script type=\"application\/ld+json\" class=\"yoast-schema-graph\">{\"@context\":\"https:\/\/schema.org\",\"@graph\":[{\"@type\":\"Article\",\"@id\":\"https:\/\/ppadilla.es\/puertas-padilla-premio-md\/#article\",\"isPartOf\":{\"@id\":\"https:\/\/ppadilla.es\/puertas-padilla-premio-md\/\"},\"author\":{\"name\":\"Recepcion\",\"@id\":\"https:\/\/ppadilla.es\/#\/schema\/person\/01df890ed31d76c9c3ea18f85491208c\"},\"headline\":\"PUERTAS PADILLA recibe el Premio MD a la Internacionalizaci\u00f3n\",\"datePublished\":\"2024-11-26T15:16:53+00:00\",\"dateModified\":\"2026-02-24T12:59:14+00:00\",\"mainEntityOfPage\":{\"@id\":\"https:\/\/ppadilla.es\/puertas-padilla-premio-md\/\"},\"wordCount\":397,\"commentCount\":0,\"image\":{\"@id\":\"https:\/\/ppadilla.es\/puertas-padilla-premio-md\/#primaryimage\"},\"thumbnailUrl\":\"https:\/\/ppadilla.es\/wp-content\/uploads\/2024\/11\/premio-MD-cabecera-1.jpg\",\"articleSection\":[\"Noticias\"],\"inLanguage\":\"en-US\",\"potentialAction\":[{\"@type\":\"CommentAction\",\"name\":\"Comment\",\"target\":[\"https:\/\/ppadilla.es\/puertas-padilla-premio-md\/#respond\"]}]},{\"@type\":\"WebPage\",\"@id\":\"https:\/\/ppadilla.es\/puertas-padilla-premio-md\/\",\"url\":\"https:\/\/ppadilla.es\/puertas-padilla-premio-md\/\",\"name\":\"PUERTAS PADILLA recibe el Premio MD a la Internacionalizaci\u00f3n - Puertas Padilla\",\"isPartOf\":{\"@id\":\"https:\/\/ppadilla.es\/#website\"},\"primaryImageOfPage\":{\"@id\":\"https:\/\/ppadilla.es\/puertas-padilla-premio-md\/#primaryimage\"},\"image\":{\"@id\":\"https:\/\/ppadilla.es\/puertas-padilla-premio-md\/#primaryimage\"},\"thumbnailUrl\":\"https:\/\/ppadilla.es\/wp-content\/uploads\/2024\/11\/premio-MD-cabecera-1.jpg\",\"datePublished\":\"2024-11-26T15:16:53+00:00\",\"dateModified\":\"2026-02-24T12:59:14+00:00\",\"author\":{\"@id\":\"https:\/\/ppadilla.es\/#\/schema\/person\/01df890ed31d76c9c3ea18f85491208c\"},\"description\":\"La empresa Puertas Padilla fue distinguida con el\u00a0Premio MD a la Internacionalizaci\u00f3n\u00a0por su destacada trayectoria en el mercado global.\",\"breadcrumb\":{\"@id\":\"https:\/\/ppadilla.es\/puertas-padilla-premio-md\/#breadcrumb\"},\"inLanguage\":\"en-US\",\"potentialAction\":[{\"@type\":\"ReadAction\",\"target\":[\"https:\/\/ppadilla.es\/puertas-padilla-premio-md\/\"]}]},{\"@type\":\"ImageObject\",\"inLanguage\":\"en-US\",\"@id\":\"https:\/\/ppadilla.es\/puertas-padilla-premio-md\/#primaryimage\",\"url\":\"https:\/\/ppadilla.es\/wp-content\/uploads\/2024\/11\/premio-MD-cabecera-1.jpg\",\"contentUrl\":\"https:\/\/ppadilla.es\/wp-content\/uploads\/2024\/11\/premio-MD-cabecera-1.jpg\",\"width\":1346,\"height\":1120},{\"@type\":\"BreadcrumbList\",\"@id\":\"https:\/\/ppadilla.es\/puertas-padilla-premio-md\/#breadcrumb\",\"itemListElement\":[{\"@type\":\"ListItem\",\"position\":1,\"name\":\"Portada\",\"item\":\"https:\/\/ppadilla.es\/en\/\"},{\"@type\":\"ListItem\",\"position\":2,\"name\":\"PUERTAS PADILLA recibe el Premio MD a la Internacionalizaci\u00f3n\"}]},{\"@type\":\"WebSite\",\"@id\":\"https:\/\/ppadilla.es\/#website\",\"url\":\"https:\/\/ppadilla.es\/\",\"name\":\"Puertas Padilla\",\"description\":\"L\u00cdDERES EN PUERTAS CORTAFUEGOS\",\"potentialAction\":[{\"@type\":\"SearchAction\",\"target\":{\"@type\":\"EntryPoint\",\"urlTemplate\":\"https:\/\/ppadilla.es\/?s={search_term_string}\"},\"query-input\":{\"@type\":\"PropertyValueSpecification\",\"valueRequired\":true,\"valueName\":\"search_term_string\"}}],\"inLanguage\":\"en-US\"},{\"@type\":\"Person\",\"@id\":\"https:\/\/ppadilla.es\/#\/schema\/person\/01df890ed31d76c9c3ea18f85491208c\",\"name\":\"Recepcion\",\"image\":{\"@type\":\"ImageObject\",\"inLanguage\":\"en-US\",\"@id\":\"https:\/\/ppadilla.es\/#\/schema\/person\/image\/\",\"url\":\"https:\/\/secure.gravatar.com\/avatar\/bac66dd1347a76d1b3462993223f1e2b7bbe3da3f3ec69c345e6195f5f59afd7?s=96&d=mm&r=g\",\"contentUrl\":\"https:\/\/secure.gravatar.com\/avatar\/bac66dd1347a76d1b3462993223f1e2b7bbe3da3f3ec69c345e6195f5f59afd7?s=96&d=mm&r=g\",\"caption\":\"Recepcion\"},\"url\":\"https:\/\/ppadilla.es\/en\/author\/recepcion\/\"}]}<\/script>\n<!-- \/ Yoast SEO plugin. -->","yoast_head_json":{"title":"PUERTAS PADILLA recibe el Premio MD a la Internacionalizaci\u00f3n - Puertas Padilla","description":"La empresa Puertas Padilla fue distinguida con el\u00a0Premio MD a la Internacionalizaci\u00f3n\u00a0por su destacada trayectoria en el mercado global.","robots":{"index":"index","follow":"follow","max-snippet":"max-snippet:-1","max-image-preview":"max-image-preview:large","max-video-preview":"max-video-preview:-1"},"canonical":"https:\/\/ppadilla.es\/puertas-padilla-premio-md\/","og_locale":"en_US","og_type":"article","og_title":"PUERTAS PADILLA recibe el Premio MD a la Internacionalizaci\u00f3n - Puertas Padilla","og_description":"La empresa Puertas Padilla fue distinguida con el\u00a0Premio MD a la Internacionalizaci\u00f3n\u00a0por su destacada trayectoria en el mercado global.","og_url":"https:\/\/ppadilla.es\/puertas-padilla-premio-md\/","og_site_name":"Puertas Padilla","article_published_time":"2024-11-26T15:16:53+00:00","article_modified_time":"2026-02-24T12:59:14+00:00","og_image":[{"width":1346,"height":1120,"url":"https:\/\/ppadilla.es\/wp-content\/uploads\/2024\/11\/premio-MD-cabecera-1.jpg","type":"image\/jpeg"}],"author":"Recepcion","twitter_card":"summary_large_image","twitter_misc":{"Written by":"Recepcion","Est. reading time":"4 minutes"},"schema":{"@context":"https:\/\/schema.org","@graph":[{"@type":"Article","@id":"https:\/\/ppadilla.es\/puertas-padilla-premio-md\/#article","isPartOf":{"@id":"https:\/\/ppadilla.es\/puertas-padilla-premio-md\/"},"author":{"name":"Recepcion","@id":"https:\/\/ppadilla.es\/#\/schema\/person\/01df890ed31d76c9c3ea18f85491208c"},"headline":"PUERTAS PADILLA recibe el Premio MD a la Internacionalizaci\u00f3n","datePublished":"2024-11-26T15:16:53+00:00","dateModified":"2026-02-24T12:59:14+00:00","mainEntityOfPage":{"@id":"https:\/\/ppadilla.es\/puertas-padilla-premio-md\/"},"wordCount":397,"commentCount":0,"image":{"@id":"https:\/\/ppadilla.es\/puertas-padilla-premio-md\/#primaryimage"},"thumbnailUrl":"https:\/\/ppadilla.es\/wp-content\/uploads\/2024\/11\/premio-MD-cabecera-1.jpg","articleSection":["Noticias"],"inLanguage":"en-US","potentialAction":[{"@type":"CommentAction","name":"Comment","target":["https:\/\/ppadilla.es\/puertas-padilla-premio-md\/#respond"]}]},{"@type":"WebPage","@id":"https:\/\/ppadilla.es\/puertas-padilla-premio-md\/","url":"https:\/\/ppadilla.es\/puertas-padilla-premio-md\/","name":"PUERTAS PADILLA recibe el Premio MD a la Internacionalizaci\u00f3n - Puertas Padilla","isPartOf":{"@id":"https:\/\/ppadilla.es\/#website"},"primaryImageOfPage":{"@id":"https:\/\/ppadilla.es\/puertas-padilla-premio-md\/#primaryimage"},"image":{"@id":"https:\/\/ppadilla.es\/puertas-padilla-premio-md\/#primaryimage"},"thumbnailUrl":"https:\/\/ppadilla.es\/wp-content\/uploads\/2024\/11\/premio-MD-cabecera-1.jpg","datePublished":"2024-11-26T15:16:53+00:00","dateModified":"2026-02-24T12:59:14+00:00","author":{"@id":"https:\/\/ppadilla.es\/#\/schema\/person\/01df890ed31d76c9c3ea18f85491208c"},"description":"La empresa Puertas Padilla fue distinguida con el\u00a0Premio MD a la Internacionalizaci\u00f3n\u00a0por su destacada trayectoria en el mercado global.","breadcrumb":{"@id":"https:\/\/ppadilla.es\/puertas-padilla-premio-md\/#breadcrumb"},"inLanguage":"en-US","potentialAction":[{"@type":"ReadAction","target":["https:\/\/ppadilla.es\/puertas-padilla-premio-md\/"]}]},{"@type":"ImageObject","inLanguage":"en-US","@id":"https:\/\/ppadilla.es\/puertas-padilla-premio-md\/#primaryimage","url":"https:\/\/ppadilla.es\/wp-content\/uploads\/2024\/11\/premio-MD-cabecera-1.jpg","contentUrl":"https:\/\/ppadilla.es\/wp-content\/uploads\/2024\/11\/premio-MD-cabecera-1.jpg","width":1346,"height":1120},{"@type":"BreadcrumbList","@id":"https:\/\/ppadilla.es\/puertas-padilla-premio-md\/#breadcrumb","itemListElement":[{"@type":"ListItem","position":1,"name":"Portada","item":"https:\/\/ppadilla.es\/en\/"},{"@type":"ListItem","position":2,"name":"PUERTAS PADILLA recibe el Premio MD a la Internacionalizaci\u00f3n"}]},{"@type":"WebSite","@id":"https:\/\/ppadilla.es\/#website","url":"https:\/\/ppadilla.es\/","name":"Puertas Padilla","description":"L\u00cdDERES EN PUERTAS CORTAFUEGOS","potentialAction":[{"@type":"SearchAction","target":{"@type":"EntryPoint","urlTemplate":"https:\/\/ppadilla.es\/?s={search_term_string}"},"query-input":{"@type":"PropertyValueSpecification","valueRequired":true,"valueName":"search_term_string"}}],"inLanguage":"en-US"},{"@type":"Person","@id":"https:\/\/ppadilla.es\/#\/schema\/person\/01df890ed31d76c9c3ea18f85491208c","name":"Recepcion","image":{"@type":"ImageObject","inLanguage":"en-US","@id":"https:\/\/ppadilla.es\/#\/schema\/person\/image\/","url":"https:\/\/secure.gravatar.com\/avatar\/bac66dd1347a76d1b3462993223f1e2b7bbe3da3f3ec69c345e6195f5f59afd7?s=96&d=mm&r=g","contentUrl":"https:\/\/secure.gravatar.com\/avatar\/bac66dd1347a76d1b3462993223f1e2b7bbe3da3f3ec69c345e6195f5f59afd7?s=96&d=mm&r=g","caption":"Recepcion"},"url":"https:\/\/ppadilla.es\/en\/author\/recepcion\/"}]}},"_links":{"self":[{"href":"https:\/\/ppadilla.es\/en\/wp-json\/wp\/v2\/posts\/16893","targetHints":{"allow":["GET"]}}],"collection":[{"href":"https:\/\/ppadilla.es\/en\/wp-json\/wp\/v2\/posts"}],"about":[{"href":"https:\/\/ppadilla.es\/en\/wp-json\/wp\/v2\/types\/post"}],"author":[{"embeddable":true,"href":"https:\/\/ppadilla.es\/en\/wp-json\/wp\/v2\/users\/6"}],"replies":[{"embeddable":true,"href":"https:\/\/ppadilla.es\/en\/wp-json\/wp\/v2\/comments?post=16893"}],"version-history":[{"count":11,"href":"https:\/\/ppadilla.es\/en\/wp-json\/wp\/v2\/posts\/16893\/revisions"}],"predecessor-version":[{"id":17375,"href":"https:\/\/ppadilla.es\/en\/wp-json\/wp\/v2\/posts\/16893\/revisions\/17375"}],"wp:featuredmedia":[{"embeddable":true,"href":"https:\/\/ppadilla.es\/en\/wp-json\/wp\/v2\/media\/16913"}],"wp:attachment":[{"href":"https:\/\/ppadilla.es\/en\/wp-json\/wp\/v2\/media?parent=16893"}],"wp:term":[{"taxonomy":"category","embeddable":true,"href":"https:\/\/ppadilla.es\/en\/wp-json\/wp\/v2\/categories?post=16893"},{"taxonomy":"post_tag","embeddable":true,"href":"https:\/\/ppadilla.es\/en\/wp-json\/wp\/v2\/tags?post=16893"}],"curies":[{"name":"wp","href":"https:\/\/api.w.org\/{rel}","templated":true}]}}