{"id":19953,"date":"2026-09-01T06:57:31","date_gmt":"2026-09-01T06:57:31","guid":{"rendered":"https:\/\/ppadilla.es\/padilla-fire-doors-refuerza-su-presencia-en-francia-con-su-participacion-en-batimat-2026\/"},"modified":"2026-09-01T07:10:42","modified_gmt":"2026-09-01T07:10:42","slug":"padilla-fire-doors-refuerza-su-presencia-en-francia-con-su-participacion-en-batimat-2026","status":"publish","type":"post","link":"https:\/\/ppadilla.es\/de\/padilla-fire-doors-refuerza-su-presencia-en-francia-con-su-participacion-en-batimat-2026\/","title":{"rendered":"Padilla Fire Doors st\u00e4rkt mit der Teilnahme an der BATIMAT 2026 seine Pr\u00e4senz in Frankreich"},"content":{"rendered":"<h4 class=\"isSelectedEnd\"><strong>Das spanische Unternehmen pr\u00e4sentiert in Paris seine neuesten L\u00f6sungen im Bereich Brandschutzt\u00fcren, nachdem es bereits an bedeutenden Projekten in Frankreich wie dem Ritz Paris, Disneyland Paris und dem Trainingszentrum von Paris Saint-Germain beteiligt war.<\/strong><\/h4>\n<p class=\"isSelectedEnd\">Ende September wird Paris erneut zu einem der wichtigsten internationalen Treffpunkte der Baubranche. <strong>Padilla Fire Doors<\/strong> wird auf der <strong>BATIMAT 2026<\/strong> vom 28. September bis 1. Oktober auf dem Messegel\u00e4nde Paris Expo Porte de Versailles vertreten sein, um seine neuesten L\u00f6sungen im Bereich Brandschutzt\u00fcren zu pr\u00e4sentieren und die Entwicklung eines Unternehmens zu zeigen, das <strong>Sicherheit, Innovation und Design<\/strong> zu seinen wichtigsten Markenzeichen gemacht hat.<\/p>\n<p class=\"isSelectedEnd\">Die Teilnahme an der BATIMAT findet zudem in einem Markt statt, den Padilla sehr gut kennt. Die Pr\u00e4senz des Unternehmens in Frankreich hat sich durch Projekte unterschiedlichster Art und mit hohen technischen Anforderungen kontinuierlich gefestigt \u2013 von Hotels und Freizeiteinrichtungen \u00fcber Sportanlagen bis hin zu \u00f6ffentlichen Infrastrukturen.<\/p>\n<p class=\"isSelectedEnd\">Dazu geh\u00f6ren besonders renommierte Namen wie das <strong>Ritz Paris, Disneyland Paris und das Trainingszentrum von Paris Saint-Germain<\/strong> sowie Projekte wie das <strong>Gef\u00e4ngnis in Lyon<\/strong>. So unterschiedlich diese Referenzen auch sind, sie haben eines gemeinsam: den Bedarf an Brandschutzl\u00f6sungen, die den technischen, funktionalen und \u00e4sthetischen Anforderungen des jeweiligen Geb\u00e4udes gerecht werden.<\/p>\n<h4>Ein Raum, um die Entwicklung der Brandschutzt\u00fcr zu entdecken<\/h4>\n<p class=\"isSelectedEnd\">Auf der BATIMAT wird Padilla Fire Doors diese Erfahrung auf einem <strong>99 Quadratmeter gro\u00dfen Messestand<\/strong> pr\u00e4sentieren, der nicht nur als Ausstellungsfl\u00e4che, sondern auch als Treffpunkt f\u00fcr Architekten, Vertriebspartner, Planer und Baufachleute aus verschiedenen M\u00e4rkten konzipiert ist.<\/p>\n<p class=\"isSelectedEnd\">Das Unternehmen wird verschiedene Ausf\u00fchrungen von <strong>ein- und zweifl\u00fcgeligen Brandschutzt\u00fcren<\/strong>, unterschiedliche Oberfl\u00e4chen und Integrationsm\u00f6glichkeiten sowie neue technologische L\u00f6sungen f\u00fcr den passiven Brandschutz vorstellen.<\/p>\n<p class=\"isSelectedEnd\">Ziel ist es, die Brandschutzt\u00fcr zunehmend als Bestandteil des architektonischen Gesamtkonzepts zu pr\u00e4sentieren: ein Element, dessen wichtigste Funktion weiterhin die Sicherheit ist, das gleichzeitig jedoch auch Anforderungen an <strong>Design, Integration, Langlebigkeit und Funktionalit\u00e4t<\/strong> erf\u00fcllen muss.<\/p>\n<p class=\"isSelectedEnd\">Diese Vision wird sich auch in der Architektur des Messestandes widerspiegeln. Die Kombination aus Holz, Schwarz und metallischen Oberfl\u00e4chen sowie visuelle Bez\u00fcge zum Feuer schaffen einen technisch und modern gestalteten Raum, der sich rund um das Konzept <strong>\u201eDesign &amp; Security\u201c<\/strong> entwickelt.<\/p>\n<p class=\"isSelectedEnd\">Die Botschaft ist mehr als nur ein Slogan. Sie bringt eine der zentralen Entwicklungsrichtungen von Padilla auf den Punkt: zu zeigen, dass hohe Anforderungen an den Brandschutz und anspruchsvolles Design in einer einzigen L\u00f6sung miteinander vereinbar sind.<\/p>\n<h4>Frankreich, ein strategischer Markt f\u00fcr Padilla<\/h4>\n<p class=\"isSelectedEnd\">Die Pr\u00e4senz in Paris hat auch eine wichtige unternehmerische Dimension. Die BATIMAT bietet Padilla die M\u00f6glichkeit, die Beziehungen zu franz\u00f6sischen und europ\u00e4ischen Kunden und Fachleuten weiter zu st\u00e4rken, neue Gesch\u00e4ftsm\u00f6glichkeiten zu schaffen und die internationale Sichtbarkeit einer Marke auszubauen, die an unterschiedlichsten Projekten und in verschiedenen M\u00e4rkten beteiligt ist.<\/p>\n<p class=\"isSelectedEnd\">Dank der in Frankreich gesammelten Erfahrung kommt das Unternehmen zu dieser Ausgabe der BATIMAT nicht nur, um Produkte zu pr\u00e4sentieren, sondern auch, um \u00fcber konkrete Projekte und die aktuellen Anforderungen der Baubranche zu sprechen.<\/p>\n<p class=\"isSelectedEnd\">Hotels, Sportzentren, Freizeiteinrichtungen, \u00f6ffentliche Geb\u00e4ude und gro\u00dfe Infrastrukturprojekte erfordern unterschiedliche L\u00f6sungen, haben jedoch eines gemeinsam: steigende Anforderungen an <strong>Sicherheit, Leistungsf\u00e4higkeit und architektonische Integration<\/strong>. Genau hier m\u00f6chte Padilla sein Angebot positionieren.<\/p>\n<p class=\"isSelectedEnd\">Mit der Teilnahme an der <strong>BATIMAT 2026<\/strong> kehrt das Unternehmen nach Paris zur\u00fcck, um bestehende Beziehungen weiter auszubauen, die Anforderungen der Fachleute aus der Branche kennenzulernen und zu zeigen, wie sich sein Verst\u00e4ndnis von Brandschutz kontinuierlich weiterentwickelt.<\/p>\n<h4><strong>Padilla Fire Doors \u2013 BATIMAT 2026<\/strong><br \/>\n28. September \u2013 1. Oktober 2026<br \/>\nHalle 5.2 \u00b7 Stand D32<br \/>\nParis Expo Porte de Versailles \u00b7 Paris<\/h4>\n","protected":false},"excerpt":{"rendered":"<p>Das spanische Unternehmen pr\u00e4sentiert in Paris seine neuesten L\u00f6sungen im Bereich Brandschutzt\u00fcren, nachdem es bereits an bedeutenden Projekten in Frankreich wie dem Ritz Paris, Disneyland Paris und dem Trainingszentrum von Paris Saint-Germain beteiligt war. Ende September wird Paris erneut zu einem der wichtigsten internationalen Treffpunkte [&hellip;]<\/p>\n","protected":false},"author":6,"featured_media":19948,"comment_status":"closed","ping_status":"open","sticky":false,"template":"","format":"standard","meta":{"_acf_changed":false,"footnotes":""},"categories":[261],"tags":[],"class_list":["post-19953","post","type-post","status-publish","format-standard","has-post-thumbnail","hentry","category-nachrichten"],"acf":[],"yoast_head":"<!-- This site is optimized with the Yoast SEO plugin v26.8 - https:\/\/yoast.com\/product\/yoast-seo-wordpress\/ -->\n<title>Padilla Fire Doors st\u00e4rkt mit der Teilnahme an der BATIMAT 2026 seine Pr\u00e4senz in Frankreich - Puertas Padilla<\/title>\n<meta name=\"description\" content=\"La compa\u00f1\u00eda espa\u00f1ola llevar\u00e1 a Par\u00eds sus \u00faltimas soluciones en puertas cortafuegos tras participar en proyectos emblem\u00e1ticos en Francia como el Ritz Paris, Disneyland Paris o el centro de entrenamiento del Paris Saint-Germain.\" \/>\n<meta name=\"robots\" content=\"index, follow, max-snippet:-1, max-image-preview:large, max-video-preview:-1\" \/>\n<link rel=\"canonical\" href=\"https:\/\/ppadilla.es\/de\/padilla-fire-doors-refuerza-su-presencia-en-francia-con-su-participacion-en-batimat-2026\/\" \/>\n<meta property=\"og:locale\" content=\"de_DE\" \/>\n<meta property=\"og:type\" content=\"article\" \/>\n<meta property=\"og:title\" content=\"Padilla Fire Doors st\u00e4rkt mit der Teilnahme an der BATIMAT 2026 seine Pr\u00e4senz in Frankreich - Puertas Padilla\" \/>\n<meta property=\"og:description\" content=\"La compa\u00f1\u00eda espa\u00f1ola llevar\u00e1 a Par\u00eds sus \u00faltimas soluciones en puertas cortafuegos tras participar en proyectos emblem\u00e1ticos en Francia como el Ritz Paris, Disneyland Paris o el centro de entrenamiento del Paris Saint-Germain.\" \/>\n<meta property=\"og:url\" content=\"https:\/\/ppadilla.es\/de\/padilla-fire-doors-refuerza-su-presencia-en-francia-con-su-participacion-en-batimat-2026\/\" \/>\n<meta property=\"og:site_name\" content=\"Puertas Padilla\" \/>\n<meta property=\"article:published_time\" content=\"2026-09-01T06:57:31+00:00\" \/>\n<meta property=\"article:modified_time\" content=\"2026-09-01T07:10:42+00:00\" \/>\n<meta property=\"og:image\" content=\"https:\/\/ppadilla.es\/wp-content\/uploads\/2026\/09\/cartel-batimar-4.webp\" \/>\n\t<meta property=\"og:image:width\" content=\"1080\" \/>\n\t<meta property=\"og:image:height\" content=\"1350\" \/>\n\t<meta property=\"og:image:type\" content=\"image\/webp\" \/>\n<meta name=\"author\" content=\"Recepcion\" \/>\n<meta name=\"twitter:card\" content=\"summary_large_image\" \/>\n<meta name=\"twitter:label1\" content=\"Verfasst von\" \/>\n\t<meta name=\"twitter:data1\" content=\"Recepcion\" \/>\n\t<meta name=\"twitter:label2\" content=\"Gesch\u00e4tzte Lesezeit\" \/>\n\t<meta name=\"twitter:data2\" content=\"3\u00a0Minuten\" \/>\n<script type=\"application\/ld+json\" class=\"yoast-schema-graph\">{\"@context\":\"https:\/\/schema.org\",\"@graph\":[{\"@type\":\"Article\",\"@id\":\"https:\/\/ppadilla.es\/de\/padilla-fire-doors-refuerza-su-presencia-en-francia-con-su-participacion-en-batimat-2026\/#article\",\"isPartOf\":{\"@id\":\"https:\/\/ppadilla.es\/de\/padilla-fire-doors-refuerza-su-presencia-en-francia-con-su-participacion-en-batimat-2026\/\"},\"author\":{\"name\":\"Recepcion\",\"@id\":\"https:\/\/ppadilla.es\/#\/schema\/person\/01df890ed31d76c9c3ea18f85491208c\"},\"headline\":\"Padilla Fire Doors st\u00e4rkt mit der Teilnahme an der BATIMAT 2026 seine Pr\u00e4senz in Frankreich\",\"datePublished\":\"2026-09-01T06:57:31+00:00\",\"dateModified\":\"2026-09-01T07:10:42+00:00\",\"mainEntityOfPage\":{\"@id\":\"https:\/\/ppadilla.es\/de\/padilla-fire-doors-refuerza-su-presencia-en-francia-con-su-participacion-en-batimat-2026\/\"},\"wordCount\":606,\"image\":{\"@id\":\"https:\/\/ppadilla.es\/de\/padilla-fire-doors-refuerza-su-presencia-en-francia-con-su-participacion-en-batimat-2026\/#primaryimage\"},\"thumbnailUrl\":\"https:\/\/ppadilla.es\/wp-content\/uploads\/2026\/09\/cartel-batimar-4.webp\",\"articleSection\":[\"Nachrichten\"],\"inLanguage\":\"de\"},{\"@type\":\"WebPage\",\"@id\":\"https:\/\/ppadilla.es\/de\/padilla-fire-doors-refuerza-su-presencia-en-francia-con-su-participacion-en-batimat-2026\/\",\"url\":\"https:\/\/ppadilla.es\/de\/padilla-fire-doors-refuerza-su-presencia-en-francia-con-su-participacion-en-batimat-2026\/\",\"name\":\"Padilla Fire Doors st\u00e4rkt mit der Teilnahme an der BATIMAT 2026 seine Pr\u00e4senz in Frankreich - Puertas Padilla\",\"isPartOf\":{\"@id\":\"https:\/\/ppadilla.es\/#website\"},\"primaryImageOfPage\":{\"@id\":\"https:\/\/ppadilla.es\/de\/padilla-fire-doors-refuerza-su-presencia-en-francia-con-su-participacion-en-batimat-2026\/#primaryimage\"},\"image\":{\"@id\":\"https:\/\/ppadilla.es\/de\/padilla-fire-doors-refuerza-su-presencia-en-francia-con-su-participacion-en-batimat-2026\/#primaryimage\"},\"thumbnailUrl\":\"https:\/\/ppadilla.es\/wp-content\/uploads\/2026\/09\/cartel-batimar-4.webp\",\"datePublished\":\"2026-09-01T06:57:31+00:00\",\"dateModified\":\"2026-09-01T07:10:42+00:00\",\"author\":{\"@id\":\"https:\/\/ppadilla.es\/#\/schema\/person\/01df890ed31d76c9c3ea18f85491208c\"},\"description\":\"La compa\u00f1\u00eda espa\u00f1ola llevar\u00e1 a Par\u00eds sus \u00faltimas soluciones en puertas cortafuegos tras participar en proyectos emblem\u00e1ticos en Francia como el Ritz Paris, Disneyland Paris o el centro de entrenamiento del Paris Saint-Germain.\",\"breadcrumb\":{\"@id\":\"https:\/\/ppadilla.es\/de\/padilla-fire-doors-refuerza-su-presencia-en-francia-con-su-participacion-en-batimat-2026\/#breadcrumb\"},\"inLanguage\":\"de\",\"potentialAction\":[{\"@type\":\"ReadAction\",\"target\":[\"https:\/\/ppadilla.es\/de\/padilla-fire-doors-refuerza-su-presencia-en-francia-con-su-participacion-en-batimat-2026\/\"]}]},{\"@type\":\"ImageObject\",\"inLanguage\":\"de\",\"@id\":\"https:\/\/ppadilla.es\/de\/padilla-fire-doors-refuerza-su-presencia-en-francia-con-su-participacion-en-batimat-2026\/#primaryimage\",\"url\":\"https:\/\/ppadilla.es\/wp-content\/uploads\/2026\/09\/cartel-batimar-4.webp\",\"contentUrl\":\"https:\/\/ppadilla.es\/wp-content\/uploads\/2026\/09\/cartel-batimar-4.webp\",\"width\":1080,\"height\":1350},{\"@type\":\"BreadcrumbList\",\"@id\":\"https:\/\/ppadilla.es\/de\/padilla-fire-doors-refuerza-su-presencia-en-francia-con-su-participacion-en-batimat-2026\/#breadcrumb\",\"itemListElement\":[{\"@type\":\"ListItem\",\"position\":1,\"name\":\"Portada\",\"item\":\"https:\/\/ppadilla.es\/de\/\"},{\"@type\":\"ListItem\",\"position\":2,\"name\":\"Padilla Fire Doors st\u00e4rkt mit der Teilnahme an der BATIMAT 2026 seine Pr\u00e4senz in Frankreich\"}]},{\"@type\":\"WebSite\",\"@id\":\"https:\/\/ppadilla.es\/#website\",\"url\":\"https:\/\/ppadilla.es\/\",\"name\":\"Puertas Padilla\",\"description\":\"L\u00cdDERES EN PUERTAS CORTAFUEGOS\",\"potentialAction\":[{\"@type\":\"SearchAction\",\"target\":{\"@type\":\"EntryPoint\",\"urlTemplate\":\"https:\/\/ppadilla.es\/?s={search_term_string}\"},\"query-input\":{\"@type\":\"PropertyValueSpecification\",\"valueRequired\":true,\"valueName\":\"search_term_string\"}}],\"inLanguage\":\"de\"},{\"@type\":\"Person\",\"@id\":\"https:\/\/ppadilla.es\/#\/schema\/person\/01df890ed31d76c9c3ea18f85491208c\",\"name\":\"Recepcion\",\"image\":{\"@type\":\"ImageObject\",\"inLanguage\":\"de\",\"@id\":\"https:\/\/ppadilla.es\/#\/schema\/person\/image\/\",\"url\":\"https:\/\/secure.gravatar.com\/avatar\/bac66dd1347a76d1b3462993223f1e2b7bbe3da3f3ec69c345e6195f5f59afd7?s=96&d=mm&r=g\",\"contentUrl\":\"https:\/\/secure.gravatar.com\/avatar\/bac66dd1347a76d1b3462993223f1e2b7bbe3da3f3ec69c345e6195f5f59afd7?s=96&d=mm&r=g\",\"caption\":\"Recepcion\"},\"url\":\"https:\/\/ppadilla.es\/de\/author\/recepcion\/\"}]}<\/script>\n<!-- \/ Yoast SEO plugin. -->","yoast_head_json":{"title":"Padilla Fire Doors st\u00e4rkt mit der Teilnahme an der BATIMAT 2026 seine Pr\u00e4senz in Frankreich - Puertas Padilla","description":"La compa\u00f1\u00eda espa\u00f1ola llevar\u00e1 a Par\u00eds sus \u00faltimas soluciones en puertas cortafuegos tras participar en proyectos emblem\u00e1ticos en Francia como el Ritz Paris, Disneyland Paris o el centro de entrenamiento del Paris Saint-Germain.","robots":{"index":"index","follow":"follow","max-snippet":"max-snippet:-1","max-image-preview":"max-image-preview:large","max-video-preview":"max-video-preview:-1"},"canonical":"https:\/\/ppadilla.es\/de\/padilla-fire-doors-refuerza-su-presencia-en-francia-con-su-participacion-en-batimat-2026\/","og_locale":"de_DE","og_type":"article","og_title":"Padilla Fire Doors st\u00e4rkt mit der Teilnahme an der BATIMAT 2026 seine Pr\u00e4senz in Frankreich - Puertas Padilla","og_description":"La compa\u00f1\u00eda espa\u00f1ola llevar\u00e1 a Par\u00eds sus \u00faltimas soluciones en puertas cortafuegos tras participar en proyectos emblem\u00e1ticos en Francia como el Ritz Paris, Disneyland Paris o el centro de entrenamiento del Paris Saint-Germain.","og_url":"https:\/\/ppadilla.es\/de\/padilla-fire-doors-refuerza-su-presencia-en-francia-con-su-participacion-en-batimat-2026\/","og_site_name":"Puertas Padilla","article_published_time":"2026-09-01T06:57:31+00:00","article_modified_time":"2026-09-01T07:10:42+00:00","og_image":[{"width":1080,"height":1350,"url":"https:\/\/ppadilla.es\/wp-content\/uploads\/2026\/09\/cartel-batimar-4.webp","type":"image\/webp"}],"author":"Recepcion","twitter_card":"summary_large_image","twitter_misc":{"Verfasst von":"Recepcion","Gesch\u00e4tzte Lesezeit":"3\u00a0Minuten"},"schema":{"@context":"https:\/\/schema.org","@graph":[{"@type":"Article","@id":"https:\/\/ppadilla.es\/de\/padilla-fire-doors-refuerza-su-presencia-en-francia-con-su-participacion-en-batimat-2026\/#article","isPartOf":{"@id":"https:\/\/ppadilla.es\/de\/padilla-fire-doors-refuerza-su-presencia-en-francia-con-su-participacion-en-batimat-2026\/"},"author":{"name":"Recepcion","@id":"https:\/\/ppadilla.es\/#\/schema\/person\/01df890ed31d76c9c3ea18f85491208c"},"headline":"Padilla Fire Doors st\u00e4rkt mit der Teilnahme an der BATIMAT 2026 seine Pr\u00e4senz in Frankreich","datePublished":"2026-09-01T06:57:31+00:00","dateModified":"2026-09-01T07:10:42+00:00","mainEntityOfPage":{"@id":"https:\/\/ppadilla.es\/de\/padilla-fire-doors-refuerza-su-presencia-en-francia-con-su-participacion-en-batimat-2026\/"},"wordCount":606,"image":{"@id":"https:\/\/ppadilla.es\/de\/padilla-fire-doors-refuerza-su-presencia-en-francia-con-su-participacion-en-batimat-2026\/#primaryimage"},"thumbnailUrl":"https:\/\/ppadilla.es\/wp-content\/uploads\/2026\/09\/cartel-batimar-4.webp","articleSection":["Nachrichten"],"inLanguage":"de"},{"@type":"WebPage","@id":"https:\/\/ppadilla.es\/de\/padilla-fire-doors-refuerza-su-presencia-en-francia-con-su-participacion-en-batimat-2026\/","url":"https:\/\/ppadilla.es\/de\/padilla-fire-doors-refuerza-su-presencia-en-francia-con-su-participacion-en-batimat-2026\/","name":"Padilla Fire Doors st\u00e4rkt mit der Teilnahme an der BATIMAT 2026 seine Pr\u00e4senz in Frankreich - Puertas Padilla","isPartOf":{"@id":"https:\/\/ppadilla.es\/#website"},"primaryImageOfPage":{"@id":"https:\/\/ppadilla.es\/de\/padilla-fire-doors-refuerza-su-presencia-en-francia-con-su-participacion-en-batimat-2026\/#primaryimage"},"image":{"@id":"https:\/\/ppadilla.es\/de\/padilla-fire-doors-refuerza-su-presencia-en-francia-con-su-participacion-en-batimat-2026\/#primaryimage"},"thumbnailUrl":"https:\/\/ppadilla.es\/wp-content\/uploads\/2026\/09\/cartel-batimar-4.webp","datePublished":"2026-09-01T06:57:31+00:00","dateModified":"2026-09-01T07:10:42+00:00","author":{"@id":"https:\/\/ppadilla.es\/#\/schema\/person\/01df890ed31d76c9c3ea18f85491208c"},"description":"La compa\u00f1\u00eda espa\u00f1ola llevar\u00e1 a Par\u00eds sus \u00faltimas soluciones en puertas cortafuegos tras participar en proyectos emblem\u00e1ticos en Francia como el Ritz Paris, Disneyland Paris o el centro de entrenamiento del Paris Saint-Germain.","breadcrumb":{"@id":"https:\/\/ppadilla.es\/de\/padilla-fire-doors-refuerza-su-presencia-en-francia-con-su-participacion-en-batimat-2026\/#breadcrumb"},"inLanguage":"de","potentialAction":[{"@type":"ReadAction","target":["https:\/\/ppadilla.es\/de\/padilla-fire-doors-refuerza-su-presencia-en-francia-con-su-participacion-en-batimat-2026\/"]}]},{"@type":"ImageObject","inLanguage":"de","@id":"https:\/\/ppadilla.es\/de\/padilla-fire-doors-refuerza-su-presencia-en-francia-con-su-participacion-en-batimat-2026\/#primaryimage","url":"https:\/\/ppadilla.es\/wp-content\/uploads\/2026\/09\/cartel-batimar-4.webp","contentUrl":"https:\/\/ppadilla.es\/wp-content\/uploads\/2026\/09\/cartel-batimar-4.webp","width":1080,"height":1350},{"@type":"BreadcrumbList","@id":"https:\/\/ppadilla.es\/de\/padilla-fire-doors-refuerza-su-presencia-en-francia-con-su-participacion-en-batimat-2026\/#breadcrumb","itemListElement":[{"@type":"ListItem","position":1,"name":"Portada","item":"https:\/\/ppadilla.es\/de\/"},{"@type":"ListItem","position":2,"name":"Padilla Fire Doors st\u00e4rkt mit der Teilnahme an der BATIMAT 2026 seine Pr\u00e4senz in Frankreich"}]},{"@type":"WebSite","@id":"https:\/\/ppadilla.es\/#website","url":"https:\/\/ppadilla.es\/","name":"Puertas Padilla","description":"L\u00cdDERES EN PUERTAS CORTAFUEGOS","potentialAction":[{"@type":"SearchAction","target":{"@type":"EntryPoint","urlTemplate":"https:\/\/ppadilla.es\/?s={search_term_string}"},"query-input":{"@type":"PropertyValueSpecification","valueRequired":true,"valueName":"search_term_string"}}],"inLanguage":"de"},{"@type":"Person","@id":"https:\/\/ppadilla.es\/#\/schema\/person\/01df890ed31d76c9c3ea18f85491208c","name":"Recepcion","image":{"@type":"ImageObject","inLanguage":"de","@id":"https:\/\/ppadilla.es\/#\/schema\/person\/image\/","url":"https:\/\/secure.gravatar.com\/avatar\/bac66dd1347a76d1b3462993223f1e2b7bbe3da3f3ec69c345e6195f5f59afd7?s=96&d=mm&r=g","contentUrl":"https:\/\/secure.gravatar.com\/avatar\/bac66dd1347a76d1b3462993223f1e2b7bbe3da3f3ec69c345e6195f5f59afd7?s=96&d=mm&r=g","caption":"Recepcion"},"url":"https:\/\/ppadilla.es\/de\/author\/recepcion\/"}]}},"_links":{"self":[{"href":"https:\/\/ppadilla.es\/de\/wp-json\/wp\/v2\/posts\/19953","targetHints":{"allow":["GET"]}}],"collection":[{"href":"https:\/\/ppadilla.es\/de\/wp-json\/wp\/v2\/posts"}],"about":[{"href":"https:\/\/ppadilla.es\/de\/wp-json\/wp\/v2\/types\/post"}],"author":[{"embeddable":true,"href":"https:\/\/ppadilla.es\/de\/wp-json\/wp\/v2\/users\/6"}],"replies":[{"embeddable":true,"href":"https:\/\/ppadilla.es\/de\/wp-json\/wp\/v2\/comments?post=19953"}],"version-history":[{"count":2,"href":"https:\/\/ppadilla.es\/de\/wp-json\/wp\/v2\/posts\/19953\/revisions"}],"predecessor-version":[{"id":19965,"href":"https:\/\/ppadilla.es\/de\/wp-json\/wp\/v2\/posts\/19953\/revisions\/19965"}],"wp:featuredmedia":[{"embeddable":true,"href":"https:\/\/ppadilla.es\/de\/wp-json\/wp\/v2\/media\/19948"}],"wp:attachment":[{"href":"https:\/\/ppadilla.es\/de\/wp-json\/wp\/v2\/media?parent=19953"}],"wp:term":[{"taxonomy":"category","embeddable":true,"href":"https:\/\/ppadilla.es\/de\/wp-json\/wp\/v2\/categories?post=19953"},{"taxonomy":"post_tag","embeddable":true,"href":"https:\/\/ppadilla.es\/de\/wp-json\/wp\/v2\/tags?post=19953"}],"curies":[{"name":"wp","href":"https:\/\/api.w.org\/{rel}","templated":true}]}}